{"id":8649,"date":"2019-02-01T12:51:44","date_gmt":"2019-02-01T11:51:44","guid":{"rendered":"http:\/\/www.nievesviesca.com\/blog\/?p=8649"},"modified":"2019-02-01T18:23:27","modified_gmt":"2019-02-01T17:23:27","slug":"ecos-de-poesia-cxliii","status":"publish","type":"post","link":"https:\/\/www.nievesviesca.com\/blog\/2019\/02\/01\/ecos-de-poesia-cxliii\/","title":{"rendered":"Ecos de Poes\u00eda (CXLIII)"},"content":{"rendered":"<p>&nbsp;<\/p>\n<h1 style=\"text-align: center;\"><strong><span style=\"color: #ff0000;\">M\u00daSICA, VERSOS Y PINCELADAS<\/span><\/strong><\/h1>\n<p>&nbsp;<\/p>\n<p><a href=\"https:\/\/i0.wp.com\/www.nievesviesca.com\/blog\/wp-content\/uploads\/2019\/02\/MUSICA-VERSOS-Y-PINCELADAS-3.jpg?ssl=1\"><img decoding=\"async\" loading=\"lazy\" class=\"aligncenter wp-image-8652\" src=\"https:\/\/i0.wp.com\/www.nievesviesca.com\/blog\/wp-content\/uploads\/2019\/02\/MUSICA-VERSOS-Y-PINCELADAS-3.jpg?resize=565%2C424&#038;ssl=1\" alt=\"\" width=\"565\" height=\"424\" srcset=\"https:\/\/i0.wp.com\/www.nievesviesca.com\/blog\/wp-content\/uploads\/2019\/02\/MUSICA-VERSOS-Y-PINCELADAS-3.jpg?w=800&amp;ssl=1 800w, https:\/\/i0.wp.com\/www.nievesviesca.com\/blog\/wp-content\/uploads\/2019\/02\/MUSICA-VERSOS-Y-PINCELADAS-3.jpg?resize=300%2C225&amp;ssl=1 300w, https:\/\/i0.wp.com\/www.nievesviesca.com\/blog\/wp-content\/uploads\/2019\/02\/MUSICA-VERSOS-Y-PINCELADAS-3.jpg?resize=768%2C576&amp;ssl=1 768w\" sizes=\"(max-width: 565px) 100vw, 565px\" data-recalc-dims=\"1\" \/><\/a><\/p>\n<h2 style=\"text-align: center;\"><strong><span style=\"color: #000000;\">MOMENTOS<\/span><\/strong><\/h2>\n<p>&nbsp;<\/p>\n<p style=\"text-align: center;\"><a href=\"https:\/\/i0.wp.com\/www.nievesviesca.com\/blog\/wp-content\/uploads\/2019\/02\/MUSICA-VERSOS-Y-PINCELADAS-1.jpg?ssl=1\"><img decoding=\"async\" loading=\"lazy\" class=\"aligncenter wp-image-8650\" src=\"https:\/\/i0.wp.com\/www.nievesviesca.com\/blog\/wp-content\/uploads\/2019\/02\/MUSICA-VERSOS-Y-PINCELADAS-1.jpg?resize=569%2C444&#038;ssl=1\" alt=\"\" width=\"569\" height=\"444\" srcset=\"https:\/\/i0.wp.com\/www.nievesviesca.com\/blog\/wp-content\/uploads\/2019\/02\/MUSICA-VERSOS-Y-PINCELADAS-1.jpg?w=800&amp;ssl=1 800w, https:\/\/i0.wp.com\/www.nievesviesca.com\/blog\/wp-content\/uploads\/2019\/02\/MUSICA-VERSOS-Y-PINCELADAS-1.jpg?resize=300%2C234&amp;ssl=1 300w, https:\/\/i0.wp.com\/www.nievesviesca.com\/blog\/wp-content\/uploads\/2019\/02\/MUSICA-VERSOS-Y-PINCELADAS-1.jpg?resize=768%2C599&amp;ssl=1 768w\" sizes=\"(max-width: 569px) 100vw, 569px\" data-recalc-dims=\"1\" \/><\/a><\/p>\n<h2 style=\"text-align: center;\"><strong><span style=\"color: #000000;\">DE LA I\u00aa SESI\u00d3N<\/span><\/strong><\/h2>\n<p style=\"text-align: center;\"><a href=\"https:\/\/i0.wp.com\/www.nievesviesca.com\/blog\/wp-content\/uploads\/2019\/02\/MUSICA-VERSOS-Y-PINCELADAS-2.jpg?ssl=1\"><img decoding=\"async\" loading=\"lazy\" class=\"aligncenter wp-image-8651\" src=\"https:\/\/i0.wp.com\/www.nievesviesca.com\/blog\/wp-content\/uploads\/2019\/02\/MUSICA-VERSOS-Y-PINCELADAS-2.jpg?resize=576%2C432&#038;ssl=1\" alt=\"\" width=\"576\" height=\"432\" srcset=\"https:\/\/i0.wp.com\/www.nievesviesca.com\/blog\/wp-content\/uploads\/2019\/02\/MUSICA-VERSOS-Y-PINCELADAS-2.jpg?w=800&amp;ssl=1 800w, https:\/\/i0.wp.com\/www.nievesviesca.com\/blog\/wp-content\/uploads\/2019\/02\/MUSICA-VERSOS-Y-PINCELADAS-2.jpg?resize=300%2C225&amp;ssl=1 300w, https:\/\/i0.wp.com\/www.nievesviesca.com\/blog\/wp-content\/uploads\/2019\/02\/MUSICA-VERSOS-Y-PINCELADAS-2.jpg?resize=768%2C576&amp;ssl=1 768w\" sizes=\"(max-width: 576px) 100vw, 576px\" data-recalc-dims=\"1\" \/><\/a><\/p>\n<p>&nbsp;<\/p>\n<h2 style=\"text-align: center;\"><strong><span style=\"color: #000000;\">EN EL <a href=\"https:\/\/www.elateneo.es\/eventos\/show\/pinceladas-y-versos\"><span style=\"color: #0000ff;\">ATENEO JOVELLANOS<\/span><\/a><\/span><\/strong><\/h2>\n<p>&nbsp;<\/p>\n<p><a href=\"https:\/\/i0.wp.com\/www.nievesviesca.com\/blog\/wp-content\/uploads\/2019\/02\/MUSICA-VERSOS-Y-PINCELADAS-5.jpg?ssl=1\"><img decoding=\"async\" loading=\"lazy\" class=\"aligncenter wp-image-8654\" src=\"https:\/\/i0.wp.com\/www.nievesviesca.com\/blog\/wp-content\/uploads\/2019\/02\/MUSICA-VERSOS-Y-PINCELADAS-5.jpg?resize=576%2C385&#038;ssl=1\" alt=\"\" width=\"576\" height=\"385\" srcset=\"https:\/\/i0.wp.com\/www.nievesviesca.com\/blog\/wp-content\/uploads\/2019\/02\/MUSICA-VERSOS-Y-PINCELADAS-5.jpg?w=666&amp;ssl=1 666w, https:\/\/i0.wp.com\/www.nievesviesca.com\/blog\/wp-content\/uploads\/2019\/02\/MUSICA-VERSOS-Y-PINCELADAS-5.jpg?resize=300%2C200&amp;ssl=1 300w\" sizes=\"(max-width: 576px) 100vw, 576px\" data-recalc-dims=\"1\" \/><\/a><\/p>\n<div><\/div>\n<div><\/div>\n<div><span style=\"color: #000000;\">\u00a0A trav\u00e9s de esta <strong>nueva actividad<\/strong> se puso al alcance de un numeroso p\u00fablico, la fusi\u00f3n de varias disciplinas dentro del mundo de la creaci\u00f3n y el arte, EN ESTA OCASI\u00d3N\u00a0 la pintura, la poes\u00eda y\u00a0 la m\u00fasica. <\/span><\/div>\n<div><span style=\"color: #000000;\">El arte de las letras a trav\u00e9s de la poes\u00eda o prosa po\u00e9tica, la pedagog\u00eda que el artista pintor nos desprendi\u00f3 al acercar de primer\u00edsima mano sus lenguajes pict\u00f3ricos,\u00a0 as\u00ed como el gratificante fluir de las notas musicales al o\u00eddo&#8230;<\/span><\/div>\n<div><span style=\"color: #000000;\">En esta <strong>I\u00aa sesi\u00f3n<\/strong> particip\u00f3 el pintor<strong> D. JES\u00daS GALLEGO<\/strong>,\u00a0 los poetas <b>D. JOSE MARCELINO GARC\u00cdA FERN\u00c1NDEZ-LUANCO<\/b> y <b>D\u00aa ESMERALDA S\u00c1NCHEZ<\/b> <strong>MART\u00cdN<\/strong>,<b> <\/b>la violinista <b>D\u00aa MAR\u00cdA COTARELO GARC\u00cdA\u00a0<\/b> y<b>\u00a0 D\u00aa SOF\u00cdA DIEZ<\/b> a la viola.<\/span><\/div>\n<p>&nbsp;<\/p>\n<h3 style=\"text-align: center;\"><span style=\"color: #000000;\">Acto coordinado por las poetas <\/span><\/h3>\n<h3 style=\"text-align: center;\"><span style=\"color: #000000;\"><b>D\u00aa CRISTINA \u00c1LVAREZ DE CIENFUEGOS<\/b> y\u00a0 <b>D\u00aa NIEVES VIESCA<\/b>.<\/span><\/h3>\n<p>&nbsp;<\/p>\n<p>&nbsp;<\/p>\n","protected":false},"excerpt":{"rendered":"<p>&nbsp; M\u00daSICA, VERSOS Y PINCELADAS &nbsp; MOMENTOS &nbsp; DE LA I\u00aa SESI\u00d3N &nbsp; EN EL ATENEO JOVELLANOS &nbsp; \u00a0A trav\u00e9s de esta nueva actividad se puso al alcance de un numeroso p\u00fablico, la fusi\u00f3n de varias disciplinas dentro del mundo &hellip; <a href=\"https:\/\/www.nievesviesca.com\/blog\/2019\/02\/01\/ecos-de-poesia-cxliii\/\">Sigue leyendo <span class=\"meta-nav\">&rarr;<\/span><\/a><\/p>\n","protected":false},"author":1,"featured_media":0,"comment_status":"open","ping_status":"open","sticky":false,"template":"","format":"standard","meta":{"_bbp_topic_count":0,"_bbp_reply_count":0,"_bbp_total_topic_count":0,"_bbp_total_reply_count":0,"_bbp_voice_count":0,"_bbp_anonymous_reply_count":0,"_bbp_topic_count_hidden":0,"_bbp_reply_count_hidden":0,"_bbp_forum_subforum_count":0,"om_disable_all_campaigns":false,"_monsterinsights_skip_tracking":false,"_monsterinsights_sitenote_active":false,"_monsterinsights_sitenote_note":"","_monsterinsights_sitenote_category":0,"jetpack_post_was_ever_published":false,"_jetpack_newsletter_access":"","_jetpack_newsletter_tier_id":0,"footnotes":"","jetpack_publicize_message":"","jetpack_is_tweetstorm":false,"jetpack_publicize_feature_enabled":true,"jetpack_social_post_already_shared":true,"jetpack_social_options":{"image_generator_settings":{"template":"highway","enabled":false}}},"categories":[4],"tags":[],"jetpack_publicize_connections":[],"aioseo_notices":[],"jetpack_featured_media_url":"","jetpack_sharing_enabled":true,"jetpack_shortlink":"https:\/\/wp.me\/p6xI8c-2fv","_links":{"self":[{"href":"https:\/\/www.nievesviesca.com\/blog\/wp-json\/wp\/v2\/posts\/8649"}],"collection":[{"href":"https:\/\/www.nievesviesca.com\/blog\/wp-json\/wp\/v2\/posts"}],"about":[{"href":"https:\/\/www.nievesviesca.com\/blog\/wp-json\/wp\/v2\/types\/post"}],"author":[{"embeddable":true,"href":"https:\/\/www.nievesviesca.com\/blog\/wp-json\/wp\/v2\/users\/1"}],"replies":[{"embeddable":true,"href":"https:\/\/www.nievesviesca.com\/blog\/wp-json\/wp\/v2\/comments?post=8649"}],"version-history":[{"count":17,"href":"https:\/\/www.nievesviesca.com\/blog\/wp-json\/wp\/v2\/posts\/8649\/revisions"}],"predecessor-version":[{"id":8676,"href":"https:\/\/www.nievesviesca.com\/blog\/wp-json\/wp\/v2\/posts\/8649\/revisions\/8676"}],"wp:attachment":[{"href":"https:\/\/www.nievesviesca.com\/blog\/wp-json\/wp\/v2\/media?parent=8649"}],"wp:term":[{"taxonomy":"category","embeddable":true,"href":"https:\/\/www.nievesviesca.com\/blog\/wp-json\/wp\/v2\/categories?post=8649"},{"taxonomy":"post_tag","embeddable":true,"href":"https:\/\/www.nievesviesca.com\/blog\/wp-json\/wp\/v2\/tags?post=8649"}],"curies":[{"name":"wp","href":"https:\/\/api.w.org\/{rel}","templated":true}]}}