{"id":875,"date":"2011-09-30T00:46:08","date_gmt":"2011-09-29T22:46:08","guid":{"rendered":"http:\/\/www.nievesviesca.com\/blog\/?p=875"},"modified":"2011-09-30T01:18:10","modified_gmt":"2011-09-29T23:18:10","slug":"premios-de-la-critica-de-madrid","status":"publish","type":"post","link":"https:\/\/www.nievesviesca.com\/blog\/2011\/09\/30\/premios-de-la-critica-de-madrid\/","title":{"rendered":"PREMIOS DE LA CRITICA DE MADRID"},"content":{"rendered":"<h2 style=\"text-align: center;\">Almudena Grandes gana el Premio de la Cr\u00edtica de Madrid por <em>In\u00e9s y la alegr\u00eda<\/em><\/h2>\n<p style=\"text-align: center;\">\u00a0<\/p>\n<h2 style=\"text-align: center;\">Pablo M\u00e9ndez ha merecido el galard\u00f3n en el apartado de poes\u00eda por <em>Ana Frank no puede ver la luna<\/em><\/h2>\n<p>\u00a0<\/p>\n<p style=\"text-align: justify;\">Los escritores madrile\u00f1os Almudena Grandes, y Pablo M\u00e9ndez han resultado ganadores del Premio de la Cr\u00edtica de Madrid que otorga la Asociaci\u00f3n de escritores y cr\u00edticos madrile\u00f1os. Grandes ha merecido el premio por su \u00faltima novela, <em><strong>In\u00e9s y la alegr\u00eda<\/strong><\/em><strong> (Tusquets), porque le ofrece al lector \u00abun cap\u00edtulo casi desconocido de la Guerra Civil<\/strong> y mantiene vivos desde las primeras p\u00e1ginas la intensidad, la conciencia y el nervio narrativo que ha convertido a su autora en una de las novelistas m\u00e1s destacadas de la actualidad\u00bb.<\/p>\n<p><em>In\u00e9s y la alegr\u00eda<\/em> es, adem\u00e1s, la primera incursi\u00f3n de la escritora en una historia alejada del presente, con la que ampl\u00eda su lista de registros. El jurado ha destacado tambi\u00e9n <strong>\u00abla gran solvencia literaria e intelectual que Almudena Grandes demuestra en esta \u00faltima novela y en toda su obra\u00bb<\/strong>.<\/p>\n<p>En la modalidad de Poes\u00eda, el libro <em>Ana Frank no puede ver la luna<\/em> (Ediciones Rilke), de Pablo M\u00e9ndez, ha sido el elegido por el jurado, que lo define como \u00ab<strong>una larga met\u00e1fora sobre la muerte y la literatura<\/strong>\u00ab. Compuesto por tres partes, en la primera de ellas la eleg\u00eda hacia la madre muerta se convierte en una larga prueba de esencia y profundidad, la segunda es un homenaje a las ciudad de Par\u00eds y los muchos escritores que all\u00ed vivieron, y la tercera, \u00abtoda una descarga de lucidez en poemas breves, llamado por su autor, definiciones, que resuelven de un golpe po\u00e9tico el complicado espacio de lo breve y cotidiano\u00bb.<\/p>\n<p>M\u00e9ndez naci\u00f3 en Madrid en 1975. Con 17 a\u00f1os public\u00f3 su primer libro de poes\u00eda, <em>Palabras de aire<\/em>, y con menos de veinte fund\u00f3 la editorial Ediciones Vitruvio, donde trabaja actualmente y donde ha publicado m\u00e1s de quinientos libros, especialmente de poes\u00eda. El jurado ha destacado <strong>\u00abla enorme sensibilidad de los poemas eleg\u00edacos del libro\u00bb<\/strong>, su hondura en el tratamiento del dolor por la p\u00e9rdida, y la originalidad que desarrolla M\u00e9ndez en cada propuesta po\u00e9tica.<\/p>\n<h6>(Noticia recogida en\u00a0\u00a0 www. elcultural.es)<\/h6>\n","protected":false},"excerpt":{"rendered":"<p>Almudena Grandes gana el Premio de la Cr\u00edtica de Madrid por In\u00e9s y la alegr\u00eda \u00a0 Pablo M\u00e9ndez ha merecido el galard\u00f3n en el apartado de poes\u00eda por Ana Frank no puede ver la luna \u00a0 Los escritores madrile\u00f1os Almudena &hellip; <a href=\"https:\/\/www.nievesviesca.com\/blog\/2011\/09\/30\/premios-de-la-critica-de-madrid\/\">Sigue leyendo <span class=\"meta-nav\">&rarr;<\/span><\/a><\/p>\n","protected":false},"author":2,"featured_media":0,"comment_status":"open","ping_status":"open","sticky":false,"template":"","format":"standard","meta":{"_bbp_topic_count":0,"_bbp_reply_count":0,"_bbp_total_topic_count":0,"_bbp_total_reply_count":0,"_bbp_voice_count":0,"_bbp_anonymous_reply_count":0,"_bbp_topic_count_hidden":0,"_bbp_reply_count_hidden":0,"_bbp_forum_subforum_count":0,"om_disable_all_campaigns":false,"_monsterinsights_skip_tracking":false,"_jetpack_newsletter_access":"","_jetpack_dont_email_post_to_subs":false,"_jetpack_newsletter_tier_id":0,"_jetpack_memberships_contains_paywalled_content":false,"_jetpack_feature_clip_id":0,"_jetpack_memberships_contains_paid_content":false,"footnotes":"","jetpack_publicize_message":"","jetpack_publicize_feature_enabled":true,"jetpack_social_post_already_shared":false,"jetpack_social_options":{"image_generator_settings":{"template":"highway","default_image_id":0,"font":"","enabled":false},"version":2},"jetpack_post_was_ever_published":false},"categories":[6],"tags":[],"class_list":["post-875","post","type-post","status-publish","format-standard","hentry","category-laprensa"],"aioseo_notices":[],"aioseo_head":"\n\t\t<!-- All in One SEO 4.9.10 - aioseo.com -->\n\t<meta name=\"robots\" content=\"max-image-preview:large\" \/>\n\t<meta name=\"author\" content=\"Nieves Viesca\"\/>\n\t<link rel=\"canonical\" href=\"https:\/\/www.nievesviesca.com\/blog\/2011\/09\/30\/premios-de-la-critica-de-madrid\/\" \/>\n\t<meta name=\"generator\" content=\"All in One SEO (AIOSEO) 4.9.10\" \/>\n\t\t<meta property=\"og:locale\" content=\"es_ES\" \/>\n\t\t<meta property=\"og:site_name\" content=\"Nieves Viesca | Web Oficial de la Escritora y Poeta Asturiana\" \/>\n\t\t<meta property=\"og:type\" content=\"article\" \/>\n\t\t<meta property=\"og:title\" content=\"PREMIOS DE LA CRITICA DE MADRID | Nieves Viesca\" \/>\n\t\t<meta property=\"og:url\" content=\"https:\/\/www.nievesviesca.com\/blog\/2011\/09\/30\/premios-de-la-critica-de-madrid\/\" \/>\n\t\t<meta property=\"article:published_time\" content=\"2011-09-29T22:46:08+00:00\" \/>\n\t\t<meta property=\"article:modified_time\" content=\"2011-09-29T23:18:10+00:00\" \/>\n\t\t<meta name=\"twitter:card\" content=\"summary_large_image\" \/>\n\t\t<meta name=\"twitter:title\" content=\"PREMIOS DE LA CRITICA DE MADRID | Nieves Viesca\" \/>\n\t\t<script type=\"application\/ld+json\" class=\"aioseo-schema\">\n\t\t\t{\"@context\":\"https:\\\/\\\/schema.org\",\"@graph\":[{\"@type\":\"Article\",\"@id\":\"https:\\\/\\\/www.nievesviesca.com\\\/blog\\\/2011\\\/09\\\/30\\\/premios-de-la-critica-de-madrid\\\/#article\",\"name\":\"PREMIOS DE LA CRITICA DE MADRID | Nieves Viesca\",\"headline\":\"PREMIOS DE LA CRITICA DE MADRID\",\"author\":{\"@id\":\"https:\\\/\\\/www.nievesviesca.com\\\/blog\\\/author\\\/nieves-viesca\\\/#author\"},\"publisher\":{\"@id\":\"https:\\\/\\\/www.nievesviesca.com\\\/blog\\\/#organization\"},\"datePublished\":\"2011-09-30T00:46:08+02:00\",\"dateModified\":\"2011-09-30T01:18:10+02:00\",\"inLanguage\":\"es-ES\",\"mainEntityOfPage\":{\"@id\":\"https:\\\/\\\/www.nievesviesca.com\\\/blog\\\/2011\\\/09\\\/30\\\/premios-de-la-critica-de-madrid\\\/#webpage\"},\"isPartOf\":{\"@id\":\"https:\\\/\\\/www.nievesviesca.com\\\/blog\\\/2011\\\/09\\\/30\\\/premios-de-la-critica-de-madrid\\\/#webpage\"},\"articleSection\":\"La Prensa\"},{\"@type\":\"BreadcrumbList\",\"@id\":\"https:\\\/\\\/www.nievesviesca.com\\\/blog\\\/2011\\\/09\\\/30\\\/premios-de-la-critica-de-madrid\\\/#breadcrumblist\",\"itemListElement\":[{\"@type\":\"ListItem\",\"@id\":\"https:\\\/\\\/www.nievesviesca.com\\\/blog#listItem\",\"position\":1,\"name\":\"Inicio\",\"item\":\"https:\\\/\\\/www.nievesviesca.com\\\/blog\",\"nextItem\":{\"@type\":\"ListItem\",\"@id\":\"https:\\\/\\\/www.nievesviesca.com\\\/blog\\\/category\\\/laprensa\\\/#listItem\",\"name\":\"La Prensa\"}},{\"@type\":\"ListItem\",\"@id\":\"https:\\\/\\\/www.nievesviesca.com\\\/blog\\\/category\\\/laprensa\\\/#listItem\",\"position\":2,\"name\":\"La Prensa\",\"item\":\"https:\\\/\\\/www.nievesviesca.com\\\/blog\\\/category\\\/laprensa\\\/\",\"nextItem\":{\"@type\":\"ListItem\",\"@id\":\"https:\\\/\\\/www.nievesviesca.com\\\/blog\\\/2011\\\/09\\\/30\\\/premios-de-la-critica-de-madrid\\\/#listItem\",\"name\":\"PREMIOS DE LA CRITICA DE MADRID\"},\"previousItem\":{\"@type\":\"ListItem\",\"@id\":\"https:\\\/\\\/www.nievesviesca.com\\\/blog#listItem\",\"name\":\"Inicio\"}},{\"@type\":\"ListItem\",\"@id\":\"https:\\\/\\\/www.nievesviesca.com\\\/blog\\\/2011\\\/09\\\/30\\\/premios-de-la-critica-de-madrid\\\/#listItem\",\"position\":3,\"name\":\"PREMIOS DE LA CRITICA DE MADRID\",\"previousItem\":{\"@type\":\"ListItem\",\"@id\":\"https:\\\/\\\/www.nievesviesca.com\\\/blog\\\/category\\\/laprensa\\\/#listItem\",\"name\":\"La Prensa\"}}]},{\"@type\":\"Organization\",\"@id\":\"https:\\\/\\\/www.nievesviesca.com\\\/blog\\\/#organization\",\"name\":\"Nieves Viesca\",\"description\":\"Web Oficial de la Escritora y Poeta Asturiana\",\"url\":\"https:\\\/\\\/www.nievesviesca.com\\\/blog\\\/\"},{\"@type\":\"Person\",\"@id\":\"https:\\\/\\\/www.nievesviesca.com\\\/blog\\\/author\\\/nieves-viesca\\\/#author\",\"url\":\"https:\\\/\\\/www.nievesviesca.com\\\/blog\\\/author\\\/nieves-viesca\\\/\",\"name\":\"Nieves Viesca\",\"image\":{\"@type\":\"ImageObject\",\"@id\":\"https:\\\/\\\/www.nievesviesca.com\\\/blog\\\/2011\\\/09\\\/30\\\/premios-de-la-critica-de-madrid\\\/#authorImage\",\"url\":\"\\\/\\\/www.gravatar.com\\\/avatar\\\/9bf111ab2bb699dbf639def68b6ba401?s=96&#038;r=g&#038;d=mm\",\"width\":96,\"height\":96,\"caption\":\"Nieves Viesca\"}},{\"@type\":\"WebPage\",\"@id\":\"https:\\\/\\\/www.nievesviesca.com\\\/blog\\\/2011\\\/09\\\/30\\\/premios-de-la-critica-de-madrid\\\/#webpage\",\"url\":\"https:\\\/\\\/www.nievesviesca.com\\\/blog\\\/2011\\\/09\\\/30\\\/premios-de-la-critica-de-madrid\\\/\",\"name\":\"PREMIOS DE LA CRITICA DE MADRID | Nieves Viesca\",\"inLanguage\":\"es-ES\",\"isPartOf\":{\"@id\":\"https:\\\/\\\/www.nievesviesca.com\\\/blog\\\/#website\"},\"breadcrumb\":{\"@id\":\"https:\\\/\\\/www.nievesviesca.com\\\/blog\\\/2011\\\/09\\\/30\\\/premios-de-la-critica-de-madrid\\\/#breadcrumblist\"},\"author\":{\"@id\":\"https:\\\/\\\/www.nievesviesca.com\\\/blog\\\/author\\\/nieves-viesca\\\/#author\"},\"creator\":{\"@id\":\"https:\\\/\\\/www.nievesviesca.com\\\/blog\\\/author\\\/nieves-viesca\\\/#author\"},\"datePublished\":\"2011-09-30T00:46:08+02:00\",\"dateModified\":\"2011-09-30T01:18:10+02:00\"},{\"@type\":\"WebSite\",\"@id\":\"https:\\\/\\\/www.nievesviesca.com\\\/blog\\\/#website\",\"url\":\"https:\\\/\\\/www.nievesviesca.com\\\/blog\\\/\",\"name\":\"Nieves Viesca\",\"description\":\"Web Oficial de la Escritora y Poeta Asturiana\",\"inLanguage\":\"es-ES\",\"publisher\":{\"@id\":\"https:\\\/\\\/www.nievesviesca.com\\\/blog\\\/#organization\"}}]}\n\t\t<\/script>\n\t\t<!-- All in One SEO -->\n\n","aioseo_head_json":{"title":"PREMIOS DE LA CRITICA DE MADRID | Nieves Viesca","description":"","canonical_url":"https:\/\/www.nievesviesca.com\/blog\/2011\/09\/30\/premios-de-la-critica-de-madrid\/","robots":"max-image-preview:large","keywords":"","webmasterTools":{"miscellaneous":""},"schema":{"@context":"https:\/\/schema.org","@graph":[{"@type":"Article","@id":"https:\/\/www.nievesviesca.com\/blog\/2011\/09\/30\/premios-de-la-critica-de-madrid\/#article","name":"PREMIOS DE LA CRITICA DE MADRID | Nieves Viesca","headline":"PREMIOS DE LA CRITICA DE MADRID","author":{"@id":"https:\/\/www.nievesviesca.com\/blog\/author\/nieves-viesca\/#author"},"publisher":{"@id":"https:\/\/www.nievesviesca.com\/blog\/#organization"},"datePublished":"2011-09-30T00:46:08+02:00","dateModified":"2011-09-30T01:18:10+02:00","inLanguage":"es-ES","mainEntityOfPage":{"@id":"https:\/\/www.nievesviesca.com\/blog\/2011\/09\/30\/premios-de-la-critica-de-madrid\/#webpage"},"isPartOf":{"@id":"https:\/\/www.nievesviesca.com\/blog\/2011\/09\/30\/premios-de-la-critica-de-madrid\/#webpage"},"articleSection":"La Prensa"},{"@type":"BreadcrumbList","@id":"https:\/\/www.nievesviesca.com\/blog\/2011\/09\/30\/premios-de-la-critica-de-madrid\/#breadcrumblist","itemListElement":[{"@type":"ListItem","@id":"https:\/\/www.nievesviesca.com\/blog#listItem","position":1,"name":"Inicio","item":"https:\/\/www.nievesviesca.com\/blog","nextItem":{"@type":"ListItem","@id":"https:\/\/www.nievesviesca.com\/blog\/category\/laprensa\/#listItem","name":"La Prensa"}},{"@type":"ListItem","@id":"https:\/\/www.nievesviesca.com\/blog\/category\/laprensa\/#listItem","position":2,"name":"La Prensa","item":"https:\/\/www.nievesviesca.com\/blog\/category\/laprensa\/","nextItem":{"@type":"ListItem","@id":"https:\/\/www.nievesviesca.com\/blog\/2011\/09\/30\/premios-de-la-critica-de-madrid\/#listItem","name":"PREMIOS DE LA CRITICA DE MADRID"},"previousItem":{"@type":"ListItem","@id":"https:\/\/www.nievesviesca.com\/blog#listItem","name":"Inicio"}},{"@type":"ListItem","@id":"https:\/\/www.nievesviesca.com\/blog\/2011\/09\/30\/premios-de-la-critica-de-madrid\/#listItem","position":3,"name":"PREMIOS DE LA CRITICA DE MADRID","previousItem":{"@type":"ListItem","@id":"https:\/\/www.nievesviesca.com\/blog\/category\/laprensa\/#listItem","name":"La Prensa"}}]},{"@type":"Organization","@id":"https:\/\/www.nievesviesca.com\/blog\/#organization","name":"Nieves Viesca","description":"Web Oficial de la Escritora y Poeta Asturiana","url":"https:\/\/www.nievesviesca.com\/blog\/"},{"@type":"Person","@id":"https:\/\/www.nievesviesca.com\/blog\/author\/nieves-viesca\/#author","url":"https:\/\/www.nievesviesca.com\/blog\/author\/nieves-viesca\/","name":"Nieves Viesca","image":{"@type":"ImageObject","@id":"https:\/\/www.nievesviesca.com\/blog\/2011\/09\/30\/premios-de-la-critica-de-madrid\/#authorImage","url":"\/\/www.gravatar.com\/avatar\/9bf111ab2bb699dbf639def68b6ba401?s=96&#038;r=g&#038;d=mm","width":96,"height":96,"caption":"Nieves Viesca"}},{"@type":"WebPage","@id":"https:\/\/www.nievesviesca.com\/blog\/2011\/09\/30\/premios-de-la-critica-de-madrid\/#webpage","url":"https:\/\/www.nievesviesca.com\/blog\/2011\/09\/30\/premios-de-la-critica-de-madrid\/","name":"PREMIOS DE LA CRITICA DE MADRID | Nieves Viesca","inLanguage":"es-ES","isPartOf":{"@id":"https:\/\/www.nievesviesca.com\/blog\/#website"},"breadcrumb":{"@id":"https:\/\/www.nievesviesca.com\/blog\/2011\/09\/30\/premios-de-la-critica-de-madrid\/#breadcrumblist"},"author":{"@id":"https:\/\/www.nievesviesca.com\/blog\/author\/nieves-viesca\/#author"},"creator":{"@id":"https:\/\/www.nievesviesca.com\/blog\/author\/nieves-viesca\/#author"},"datePublished":"2011-09-30T00:46:08+02:00","dateModified":"2011-09-30T01:18:10+02:00"},{"@type":"WebSite","@id":"https:\/\/www.nievesviesca.com\/blog\/#website","url":"https:\/\/www.nievesviesca.com\/blog\/","name":"Nieves Viesca","description":"Web Oficial de la Escritora y Poeta Asturiana","inLanguage":"es-ES","publisher":{"@id":"https:\/\/www.nievesviesca.com\/blog\/#organization"}}]},"og:locale":"es_ES","og:site_name":"Nieves Viesca | Web Oficial de la Escritora y Poeta Asturiana","og:type":"article","og:title":"PREMIOS DE LA CRITICA DE MADRID | Nieves Viesca","og:url":"https:\/\/www.nievesviesca.com\/blog\/2011\/09\/30\/premios-de-la-critica-de-madrid\/","article:published_time":"2011-09-29T22:46:08+00:00","article:modified_time":"2011-09-29T23:18:10+00:00","twitter:card":"summary_large_image","twitter:title":"PREMIOS DE LA CRITICA DE MADRID | Nieves Viesca"},"aioseo_meta_data":{"post_id":"875","title":null,"description":null,"keywords":null,"keyphrases":null,"primary_term":null,"canonical_url":null,"og_title":null,"og_description":null,"og_object_type":"default","og_image_type":"default","og_image_url":null,"og_image_width":null,"og_image_height":null,"og_image_custom_url":null,"og_image_custom_fields":null,"og_video":null,"og_custom_url":null,"og_article_section":null,"og_article_tags":null,"twitter_use_og":false,"twitter_card":"default","twitter_image_type":"default","twitter_image_url":null,"twitter_image_custom_url":null,"twitter_image_custom_fields":null,"twitter_title":null,"twitter_description":null,"schema":{"blockGraphs":[],"customGraphs":[],"default":{"data":{"Article":[],"Course":[],"Dataset":[],"FAQPage":[],"Movie":[],"Person":[],"Product":[],"ProductReview":[],"Car":[],"Recipe":[],"Service":[],"SoftwareApplication":[],"WebPage":[]},"graphName":"","isEnabled":true},"graphs":[]},"schema_type":"default","schema_type_options":null,"pillar_content":false,"robots_default":true,"robots_noindex":false,"robots_noarchive":false,"robots_nosnippet":false,"robots_nofollow":false,"robots_noimageindex":false,"robots_noodp":false,"robots_notranslate":false,"robots_max_snippet":null,"robots_max_videopreview":null,"robots_max_imagepreview":"large","priority":null,"frequency":null,"local_seo":null,"limit_modified_date":false,"created":"2022-12-04 11:47:43","updated":"2026-06-04 18:14:46","ai":null,"breadcrumb_settings":null,"seo_analyzer_scan_date":null},"aioseo_breadcrumb":"<div class=\"aioseo-breadcrumbs\"><span class=\"aioseo-breadcrumb\">\n\t\t\t<a href=\"https:\/\/www.nievesviesca.com\/blog\" title=\"Inicio\">Inicio<\/a>\n\t\t<\/span><span class=\"aioseo-breadcrumb-separator\">&raquo;<\/span><span class=\"aioseo-breadcrumb\">\n\t\t\t<a href=\"https:\/\/www.nievesviesca.com\/blog\/category\/laprensa\/\" title=\"La Prensa\">La Prensa<\/a>\n\t\t<\/span><span class=\"aioseo-breadcrumb-separator\">&raquo;<\/span><span class=\"aioseo-breadcrumb\">\n\t\t\tPREMIOS DE LA CRITICA DE MADRID\n\t\t<\/span><\/div>","aioseo_breadcrumb_json":[{"label":"Inicio","link":"https:\/\/www.nievesviesca.com\/blog"},{"label":"La Prensa","link":"https:\/\/www.nievesviesca.com\/blog\/category\/laprensa\/"},{"label":"PREMIOS DE LA CRITICA DE MADRID","link":"https:\/\/www.nievesviesca.com\/blog\/2011\/09\/30\/premios-de-la-critica-de-madrid\/"}],"jetpack_publicize_connections":[],"jetpack_featured_media_url":"","jetpack_sharing_enabled":true,"jetpack_shortlink":"https:\/\/wp.me\/p6xI8c-e7","brizy_media":[],"_links":{"self":[{"href":"https:\/\/www.nievesviesca.com\/blog\/wp-json\/wp\/v2\/posts\/875","targetHints":{"allow":["GET"]}}],"collection":[{"href":"https:\/\/www.nievesviesca.com\/blog\/wp-json\/wp\/v2\/posts"}],"about":[{"href":"https:\/\/www.nievesviesca.com\/blog\/wp-json\/wp\/v2\/types\/post"}],"author":[{"embeddable":true,"href":"https:\/\/www.nievesviesca.com\/blog\/wp-json\/wp\/v2\/users\/2"}],"replies":[{"embeddable":true,"href":"https:\/\/www.nievesviesca.com\/blog\/wp-json\/wp\/v2\/comments?post=875"}],"version-history":[{"count":0,"href":"https:\/\/www.nievesviesca.com\/blog\/wp-json\/wp\/v2\/posts\/875\/revisions"}],"wp:attachment":[{"href":"https:\/\/www.nievesviesca.com\/blog\/wp-json\/wp\/v2\/media?parent=875"}],"wp:term":[{"taxonomy":"category","embeddable":true,"href":"https:\/\/www.nievesviesca.com\/blog\/wp-json\/wp\/v2\/categories?post=875"},{"taxonomy":"post_tag","embeddable":true,"href":"https:\/\/www.nievesviesca.com\/blog\/wp-json\/wp\/v2\/tags?post=875"}],"curies":[{"name":"wp","href":"https:\/\/api.w.org\/{rel}","templated":true}]}}