{"id":8773,"date":"2019-02-27T20:33:27","date_gmt":"2019-02-27T19:33:27","guid":{"rendered":"http:\/\/www.nievesviesca.com\/blog\/?p=8773"},"modified":"2019-02-27T20:38:59","modified_gmt":"2019-02-27T19:38:59","slug":"ecos-de-poesia-cxlvii","status":"publish","type":"post","link":"https:\/\/www.nievesviesca.com\/blog\/2019\/02\/27\/ecos-de-poesia-cxlvii\/","title":{"rendered":"Ecos de Poes\u00eda (CXLVII)"},"content":{"rendered":"<h1><\/h1>\n<p>&nbsp;<\/p>\n<h1 style=\"text-align: center;\"><span style=\"color: #000000;\">II Sesi\u00f3n de M\u00fasica, Versos y Pinceladas<\/span><\/h1>\n<p>&nbsp;<\/p>\n<p><a href=\"https:\/\/i0.wp.com\/www.nievesviesca.com\/blog\/wp-content\/uploads\/2019\/02\/II-SESION-MUSICA-VERSOS-Y-PINCELADAS-5.jpg?ssl=1\"><img decoding=\"async\" loading=\"lazy\" class=\"wp-image-8774 alignleft\" src=\"https:\/\/i0.wp.com\/www.nievesviesca.com\/blog\/wp-content\/uploads\/2019\/02\/II-SESION-MUSICA-VERSOS-Y-PINCELADAS-5.jpg?resize=257%2C342&#038;ssl=1\" alt=\"\" width=\"257\" height=\"342\" srcset=\"https:\/\/i0.wp.com\/www.nievesviesca.com\/blog\/wp-content\/uploads\/2019\/02\/II-SESION-MUSICA-VERSOS-Y-PINCELADAS-5.jpg?resize=225%2C300&amp;ssl=1 225w, https:\/\/i0.wp.com\/www.nievesviesca.com\/blog\/wp-content\/uploads\/2019\/02\/II-SESION-MUSICA-VERSOS-Y-PINCELADAS-5.jpg?w=768&amp;ssl=1 768w\" sizes=\"(max-width: 257px) 100vw, 257px\" data-recalc-dims=\"1\" \/><\/a><\/p>\n<h3><a href=\"https:\/\/i0.wp.com\/www.nievesviesca.com\/blog\/wp-content\/uploads\/2019\/02\/II-SESION-MUSICA-VERSOS-Y-PINCELADAS-6.jpg?ssl=1\"><img decoding=\"async\" loading=\"lazy\" class=\" wp-image-8777 alignright\" src=\"https:\/\/i0.wp.com\/www.nievesviesca.com\/blog\/wp-content\/uploads\/2019\/02\/II-SESION-MUSICA-VERSOS-Y-PINCELADAS-6.jpg?resize=258%2C344&#038;ssl=1\" alt=\"\" width=\"258\" height=\"344\" srcset=\"https:\/\/i0.wp.com\/www.nievesviesca.com\/blog\/wp-content\/uploads\/2019\/02\/II-SESION-MUSICA-VERSOS-Y-PINCELADAS-6.jpg?resize=225%2C300&amp;ssl=1 225w, https:\/\/i0.wp.com\/www.nievesviesca.com\/blog\/wp-content\/uploads\/2019\/02\/II-SESION-MUSICA-VERSOS-Y-PINCELADAS-6.jpg?w=768&amp;ssl=1 768w\" sizes=\"(max-width: 258px) 100vw, 258px\" data-recalc-dims=\"1\" \/><\/a><\/h3>\n<h3><\/h3>\n<h3><\/h3>\n<h3><\/h3>\n<h3><\/h3>\n<h3><\/h3>\n<h3><\/h3>\n<h3><\/h3>\n<p>&nbsp;<\/p>\n<h3><\/h3>\n<p>&nbsp;<\/p>\n<h4><\/h4>\n<h4 style=\"text-align: left;\"><\/h4>\n<h3><\/h3>\n<h3><\/h3>\n<h3 style=\"text-align: left;\"><span style=\"color: #000000;\">En el <strong><a href=\"https:\/\/www.elateneo.es\/eventos\/show\/musica-versos-y-pinceladas\"><span style=\"color: #0000ff;\">Ateneo Jovellanos<\/span><\/a> de Gij\u00f3n<\/strong>,\u00a0<\/span><\/h3>\n<h3><span style=\"color: #000000;\"> el martes 26 de febrero, las pinturas de Mar\u00eda Antonieta Laviada el viol\u00edn de Mar\u00eda Gonz\u00e1lez Serrano y los poemas de Fernando \u00c1lvarez Balbuena y Javier Aroca, hicieron una po\u00e9tica fusi\u00f3n de <span style=\"color: #ff0000;\">M\u00fasica, Versos y Pinceladas<\/span>. Las coordinadoras del evento, Cristina \u00c1lvarez de Cienfuegos y Nieves Viesca leyeron respectivamente textos de Ruben Su\u00e1rez y del reci\u00e9n fallecido Juan Cueto Alas, sumando as\u00ed nuevos eslabones a la cadena creativa con el p\u00fablico asistente como parte esencial del acto.<br \/>\n<\/span><\/h3>\n<p>&nbsp;<\/p>\n<p style=\"text-align: right;\"><a href=\"https:\/\/i0.wp.com\/www.nievesviesca.com\/blog\/wp-content\/uploads\/2019\/02\/II-SESION-MUSICA-VERSOS-Y-PINCELADAS-1.jpg?ssl=1\"><img decoding=\"async\" loading=\"lazy\" class=\"wp-image-8776 alignleft\" src=\"https:\/\/i0.wp.com\/www.nievesviesca.com\/blog\/wp-content\/uploads\/2019\/02\/II-SESION-MUSICA-VERSOS-Y-PINCELADAS-1.jpg?resize=201%2C268&#038;ssl=1\" alt=\"\" width=\"201\" height=\"268\" srcset=\"https:\/\/i0.wp.com\/www.nievesviesca.com\/blog\/wp-content\/uploads\/2019\/02\/II-SESION-MUSICA-VERSOS-Y-PINCELADAS-1.jpg?resize=225%2C300&amp;ssl=1 225w, https:\/\/i0.wp.com\/www.nievesviesca.com\/blog\/wp-content\/uploads\/2019\/02\/II-SESION-MUSICA-VERSOS-Y-PINCELADAS-1.jpg?w=768&amp;ssl=1 768w\" sizes=\"(max-width: 201px) 100vw, 201px\" data-recalc-dims=\"1\" \/><\/a><a href=\"https:\/\/i0.wp.com\/www.nievesviesca.com\/blog\/wp-content\/uploads\/2019\/02\/II-SESION-MUSICA-VERSOS-Y-PINCELADAS-4.jpg?ssl=1\"><img decoding=\"async\" loading=\"lazy\" class=\"wp-image-8775 alignright\" src=\"https:\/\/i0.wp.com\/www.nievesviesca.com\/blog\/wp-content\/uploads\/2019\/02\/II-SESION-MUSICA-VERSOS-Y-PINCELADAS-4.jpg?resize=299%2C224&#038;ssl=1\" alt=\"\" width=\"299\" height=\"224\" srcset=\"https:\/\/i0.wp.com\/www.nievesviesca.com\/blog\/wp-content\/uploads\/2019\/02\/II-SESION-MUSICA-VERSOS-Y-PINCELADAS-4.jpg?resize=300%2C225&amp;ssl=1 300w, https:\/\/i0.wp.com\/www.nievesviesca.com\/blog\/wp-content\/uploads\/2019\/02\/II-SESION-MUSICA-VERSOS-Y-PINCELADAS-4.jpg?resize=768%2C576&amp;ssl=1 768w, https:\/\/i0.wp.com\/www.nievesviesca.com\/blog\/wp-content\/uploads\/2019\/02\/II-SESION-MUSICA-VERSOS-Y-PINCELADAS-4.jpg?w=1024&amp;ssl=1 1024w\" sizes=\"(max-width: 299px) 100vw, 299px\" data-recalc-dims=\"1\" \/><\/a><\/p>\n<p>&nbsp;<\/p>\n<p>&nbsp;<\/p>\n<p>&nbsp;<\/p>\n<p>&nbsp;<\/p>\n<h3><\/h3>\n<h3><\/h3>\n<p>&nbsp;<\/p>\n<h3><\/h3>\n<h3><\/h3>\n<p>&nbsp;<\/p>\n<p><a href=\"https:\/\/i0.wp.com\/www.nievesviesca.com\/blog\/wp-content\/uploads\/2019\/02\/II-SESION-MUSICA-VERSOS-Y-PINCELADAS-2-1.jpg?ssl=1\"><img decoding=\"async\" loading=\"lazy\" class=\"aligncenter wp-image-8809\" src=\"https:\/\/i0.wp.com\/www.nievesviesca.com\/blog\/wp-content\/uploads\/2019\/02\/II-SESION-MUSICA-VERSOS-Y-PINCELADAS-2-1.jpg?resize=552%2C575&#038;ssl=1\" alt=\"\" width=\"552\" height=\"575\" srcset=\"https:\/\/i0.wp.com\/www.nievesviesca.com\/blog\/wp-content\/uploads\/2019\/02\/II-SESION-MUSICA-VERSOS-Y-PINCELADAS-2-1.jpg?resize=288%2C300&amp;ssl=1 288w, https:\/\/i0.wp.com\/www.nievesviesca.com\/blog\/wp-content\/uploads\/2019\/02\/II-SESION-MUSICA-VERSOS-Y-PINCELADAS-2-1.jpg?w=696&amp;ssl=1 696w\" sizes=\"(max-width: 552px) 100vw, 552px\" data-recalc-dims=\"1\" \/><\/a><\/p>\n<p>&nbsp;<\/p>\n","protected":false},"excerpt":{"rendered":"<p>&nbsp; II Sesi\u00f3n de M\u00fasica, Versos y Pinceladas &nbsp; &nbsp; &nbsp; En el Ateneo Jovellanos de Gij\u00f3n,\u00a0 el martes 26 de febrero, las pinturas de Mar\u00eda Antonieta Laviada el viol\u00edn de Mar\u00eda Gonz\u00e1lez Serrano y los poemas de Fernando \u00c1lvarez &hellip; <a href=\"https:\/\/www.nievesviesca.com\/blog\/2019\/02\/27\/ecos-de-poesia-cxlvii\/\">Sigue leyendo <span class=\"meta-nav\">&rarr;<\/span><\/a><\/p>\n","protected":false},"author":1,"featured_media":0,"comment_status":"open","ping_status":"open","sticky":false,"template":"","format":"standard","meta":{"_bbp_topic_count":0,"_bbp_reply_count":0,"_bbp_total_topic_count":0,"_bbp_total_reply_count":0,"_bbp_voice_count":0,"_bbp_anonymous_reply_count":0,"_bbp_topic_count_hidden":0,"_bbp_reply_count_hidden":0,"_bbp_forum_subforum_count":0,"om_disable_all_campaigns":false,"_monsterinsights_skip_tracking":false,"_monsterinsights_sitenote_active":false,"_monsterinsights_sitenote_note":"","_monsterinsights_sitenote_category":0,"jetpack_post_was_ever_published":false,"_jetpack_newsletter_access":"","_jetpack_newsletter_tier_id":0,"footnotes":"","jetpack_publicize_message":"","jetpack_is_tweetstorm":false,"jetpack_publicize_feature_enabled":true,"jetpack_social_post_already_shared":true,"jetpack_social_options":{"image_generator_settings":{"template":"highway","enabled":false}}},"categories":[4],"tags":[],"jetpack_publicize_connections":[],"aioseo_notices":[],"jetpack_featured_media_url":"","jetpack_sharing_enabled":true,"jetpack_shortlink":"https:\/\/wp.me\/p6xI8c-2hv","_links":{"self":[{"href":"https:\/\/www.nievesviesca.com\/blog\/wp-json\/wp\/v2\/posts\/8773"}],"collection":[{"href":"https:\/\/www.nievesviesca.com\/blog\/wp-json\/wp\/v2\/posts"}],"about":[{"href":"https:\/\/www.nievesviesca.com\/blog\/wp-json\/wp\/v2\/types\/post"}],"author":[{"embeddable":true,"href":"https:\/\/www.nievesviesca.com\/blog\/wp-json\/wp\/v2\/users\/1"}],"replies":[{"embeddable":true,"href":"https:\/\/www.nievesviesca.com\/blog\/wp-json\/wp\/v2\/comments?post=8773"}],"version-history":[{"count":40,"href":"https:\/\/www.nievesviesca.com\/blog\/wp-json\/wp\/v2\/posts\/8773\/revisions"}],"predecessor-version":[{"id":8819,"href":"https:\/\/www.nievesviesca.com\/blog\/wp-json\/wp\/v2\/posts\/8773\/revisions\/8819"}],"wp:attachment":[{"href":"https:\/\/www.nievesviesca.com\/blog\/wp-json\/wp\/v2\/media?parent=8773"}],"wp:term":[{"taxonomy":"category","embeddable":true,"href":"https:\/\/www.nievesviesca.com\/blog\/wp-json\/wp\/v2\/categories?post=8773"},{"taxonomy":"post_tag","embeddable":true,"href":"https:\/\/www.nievesviesca.com\/blog\/wp-json\/wp\/v2\/tags?post=8773"}],"curies":[{"name":"wp","href":"https:\/\/api.w.org\/{rel}","templated":true}]}}