{"id":881,"date":"2011-10-03T23:04:53","date_gmt":"2011-10-03T21:04:53","guid":{"rendered":"http:\/\/www.nievesviesca.com\/blog\/?p=881"},"modified":"2011-10-03T23:13:08","modified_gmt":"2011-10-03T21:13:08","slug":"%e2%80%9cla-gravedad-y-la-manzana%e2%80%9d","status":"publish","type":"post","link":"https:\/\/www.nievesviesca.com\/blog\/2011\/10\/03\/%e2%80%9cla-gravedad-y-la-manzana%e2%80%9d\/","title":{"rendered":"EL ALBA DE LOS LIBROS"},"content":{"rendered":"<h1 style=\"text-align: center;\">\u00a0<\/h1>\n<h1 style=\"text-align: center;\"><a href=\"https:\/\/i0.wp.com\/www.nievesviesca.com\/blog\/wp-content\/uploads\/2011\/10\/EL-ALBA-DE-LOS-LIBROS.jpg?ssl=1\"><img decoding=\"async\" loading=\"lazy\" class=\"aligncenter size-medium wp-image-885\" title=\"EL ALBA DE LOS LIBROS\" src=\"https:\/\/i0.wp.com\/www.nievesviesca.com\/blog\/wp-content\/uploads\/2011\/10\/EL-ALBA-DE-LOS-LIBROS.jpg?resize=209%2C124&#038;ssl=1\" alt=\"\" width=\"209\" height=\"124\" data-recalc-dims=\"1\" \/><\/a>\u00a0<\/h1>\n<p style=\"text-align: center;\">\u00a0<\/p>\n<p style=\"text-align: center;\">\u00a0<\/p>\n<h1 style=\"text-align: center;\">\u201cLa gravedad y la manzana\u201d<\/h1>\n<h1 style=\"text-align: center;\">en el Ateneo de Madrid<\/h1>\n<p style=\"text-align: center;\"><strong>\u00a0<\/strong><\/p>\n<p style=\"text-align: center;\">El pasado 19 de septiembre en el Ateneo de Madrid, tuvo lugar la presentaci\u00f3n del poemario <em>\u201cLa gravedad y la manzana\u201d<\/em> de la poeta toledana Beatriz Villaca\u00f1as.<\/p>\n<p style=\"text-align: center;\"><a href=\"https:\/\/www.nievesviesca.com\/blog\/wp-content\/uploads\/2011\/10\/LIBRO-BEATRIZ-VILLACA\u00d1AS.jpg\"><\/a><a href=\"https:\/\/i0.wp.com\/www.nievesviesca.com\/blog\/wp-content\/uploads\/2011\/10\/LIBRO-BEATRIZ-VILLACA\u00d1AS1.jpg?ssl=1\"><img decoding=\"async\" loading=\"lazy\" class=\"aligncenter size-medium wp-image-883\" title=\"LIBRO BEATRIZ VILLACA\u00d1AS\" src=\"https:\/\/i0.wp.com\/www.nievesviesca.com\/blog\/wp-content\/uploads\/2011\/10\/LIBRO-BEATRIZ-VILLACA\u00d1AS1.jpg?resize=177%2C258&#038;ssl=1\" alt=\"\" width=\"177\" height=\"258\" data-recalc-dims=\"1\" \/><\/a><a href=\"https:\/\/www.nievesviesca.com\/blog\/wp-content\/uploads\/2011\/10\/LIBRO-BEATRIZ-VILLACA\u00d1AS.jpg\"><\/a><\/p>\n<p style=\"text-align: justify;\"><strong>Para Beatriz Villaca\u00f1as<\/strong> (doctora en filolog\u00eda y profesora en la Universidad Complutense de Madrid, Miembro de la Real Academia de Bellas Artes y Ciencias Hist\u00f3ricas de Toledo y autora de los poemarios : <em>Jazz, <\/em>1991, <em>Allegra Byron,<\/em> 1993, <em>El silencio est\u00e1 lleno de nombres, <\/em>Premio Internacional Ciudad de Toledo, 1996, <em>Dubl\u00edn, <\/em>Premio Internacional Eugenio de Nora, 2001, <em>El \u00c1ngel y la F\u00edsica, <\/em>2005) <strong>la Poes\u00eda es conocimiento revelado, un conocimiento que va m\u00e1s all\u00e1 de lo exclusivamente racional, que es al mismo tiempo idea y emoci\u00f3n<\/strong>.<em>\u201cLa Poes\u00eda <\/em>\u2013<strong>nos dice la hija del excelente poeta Juan Antonio Villaca\u00f1as<\/strong>&#8211; <em>no se dosifica en etapas de aprendizaje: se revela toda entera, es epifan\u00eda. La Poes\u00eda no explica el mundo, da fe de su misterio. La m\u00e1s hermosa paradoja es que, cuando la palabra se acerca al misterio, se puede producir un destello de conocimiento, la epifan\u00eda que nos muestra que todo lo revelado proviene de un secreto original\u201d. <\/em>\u00a0<\/p>\n","protected":false},"excerpt":{"rendered":"<p>\u00a0 \u00a0 \u00a0 \u00a0 \u201cLa gravedad y la manzana\u201d en el Ateneo de Madrid \u00a0 El pasado 19 de septiembre en el Ateneo de Madrid, tuvo lugar la presentaci\u00f3n del poemario \u201cLa gravedad y la manzana\u201d de la poeta toledana &hellip; <a href=\"https:\/\/www.nievesviesca.com\/blog\/2011\/10\/03\/%e2%80%9cla-gravedad-y-la-manzana%e2%80%9d\/\">Sigue leyendo <span class=\"meta-nav\">&rarr;<\/span><\/a><\/p>\n","protected":false},"author":2,"featured_media":0,"comment_status":"open","ping_status":"open","sticky":false,"template":"","format":"standard","meta":{"_bbp_topic_count":0,"_bbp_reply_count":0,"_bbp_total_topic_count":0,"_bbp_total_reply_count":0,"_bbp_voice_count":0,"_bbp_anonymous_reply_count":0,"_bbp_topic_count_hidden":0,"_bbp_reply_count_hidden":0,"_bbp_forum_subforum_count":0,"om_disable_all_campaigns":false,"_monsterinsights_skip_tracking":false,"_monsterinsights_sitenote_active":false,"_monsterinsights_sitenote_note":"","_monsterinsights_sitenote_category":0,"jetpack_post_was_ever_published":false,"_jetpack_newsletter_access":"","_jetpack_newsletter_tier_id":0,"footnotes":"","jetpack_publicize_message":"","jetpack_is_tweetstorm":false,"jetpack_publicize_feature_enabled":true,"jetpack_social_post_already_shared":false,"jetpack_social_options":{"image_generator_settings":{"template":"highway","enabled":false}}},"categories":[10],"tags":[],"jetpack_publicize_connections":[],"aioseo_notices":[],"jetpack_featured_media_url":"","jetpack_sharing_enabled":true,"jetpack_shortlink":"https:\/\/wp.me\/p6xI8c-ed","_links":{"self":[{"href":"https:\/\/www.nievesviesca.com\/blog\/wp-json\/wp\/v2\/posts\/881"}],"collection":[{"href":"https:\/\/www.nievesviesca.com\/blog\/wp-json\/wp\/v2\/posts"}],"about":[{"href":"https:\/\/www.nievesviesca.com\/blog\/wp-json\/wp\/v2\/types\/post"}],"author":[{"embeddable":true,"href":"https:\/\/www.nievesviesca.com\/blog\/wp-json\/wp\/v2\/users\/2"}],"replies":[{"embeddable":true,"href":"https:\/\/www.nievesviesca.com\/blog\/wp-json\/wp\/v2\/comments?post=881"}],"version-history":[{"count":4,"href":"https:\/\/www.nievesviesca.com\/blog\/wp-json\/wp\/v2\/posts\/881\/revisions"}],"predecessor-version":[{"id":888,"href":"https:\/\/www.nievesviesca.com\/blog\/wp-json\/wp\/v2\/posts\/881\/revisions\/888"}],"wp:attachment":[{"href":"https:\/\/www.nievesviesca.com\/blog\/wp-json\/wp\/v2\/media?parent=881"}],"wp:term":[{"taxonomy":"category","embeddable":true,"href":"https:\/\/www.nievesviesca.com\/blog\/wp-json\/wp\/v2\/categories?post=881"},{"taxonomy":"post_tag","embeddable":true,"href":"https:\/\/www.nievesviesca.com\/blog\/wp-json\/wp\/v2\/tags?post=881"}],"curies":[{"name":"wp","href":"https:\/\/api.w.org\/{rel}","templated":true}]}}