{"id":954,"date":"2011-11-10T21:17:50","date_gmt":"2011-11-10T20:17:50","guid":{"rendered":"http:\/\/www.nievesviesca.com\/blog\/?p=954"},"modified":"2011-11-10T21:48:42","modified_gmt":"2011-11-10T20:48:42","slug":"literatura-y-periodismo-en-la-red","status":"publish","type":"post","link":"https:\/\/www.nievesviesca.com\/blog\/2011\/11\/10\/literatura-y-periodismo-en-la-red\/","title":{"rendered":"LITERATURA Y PERIODISMO CULTURAL EN LA RED"},"content":{"rendered":"<h3 style=\"text-align: center;\">\u00a0<\/h3>\n<p style=\"text-align: center;\">\u00a0<\/p>\n<h1 style=\"text-align: center;\">\u00bfEspacio para francotiradores?<\/h1>\n<h1 style=\"text-align: left;\">\u00a0\u00a0\u00a0\u00a0\u00a0\u00a0<\/h1>\n<div id=\"attachment_955\" style=\"width: 299px\" class=\"wp-caption alignright\"><img data-recalc-dims=\"1\" loading=\"lazy\" decoding=\"async\" aria-describedby=\"caption-attachment-955\" class=\"size-full wp-image-955     \" title=\"th_1197944050_francotiradores\" src=\"https:\/\/i0.wp.com\/www.nievesviesca.com\/blog\/wp-content\/uploads\/2011\/11\/th_1197944050_francotiradores1.jpg?resize=289%2C222&#038;ssl=1\" alt=\"ABCDEFGHIJKLMNOPQRSTUVWXYZ\" width=\"289\" height=\"222\" \/><p id=\"caption-attachment-955\" class=\"wp-caption-text\">ABCDEFGHIJKLMNOPQRSTUVWXYZ<\/p><\/div>\n<p style=\"text-align: center;\"><strong>\u00a0\u00a0\u00a0\u00a0\u00a0\u00a0\u00a0\u00a0\u00a0\u00a0\u00a0\u00a0\u00a0\u00a0\u00a0\u00a0<\/strong><\/p>\n<p style=\"text-align: justify;\">\u00a0Unir los t\u00e9rminos literatura y periodismo cultural siempre ha sido como intentar que dos l\u00edneas, cuyos destinos divergen a puntos opuestos, se estrechen. Y, sin\u00a0 embargo,\u00a0 gracias a la era digital este antagonismo, d\u00eda a d\u00eda, parece contradecirse.<\/p>\n<p style=\"text-align: justify;\">En unos tiempos fronterizos donde la crisis, los cambios tecnol\u00f3gicos y el imperativo asomo de otra escala de valores empujan a que nos acerquemos hacia otras realidades, otros mundos que nos tarareen las mismas letras pero al comp\u00e1s de diferentes melod\u00edas, se hace necesario el \u2018<em>cliquear<\/em>\u2019 porque s\u00f3lo desde el \u2018<em>cliqueamos, ergo existimos<\/em>\u2019 parece que nos reorientamos a la gr\u00e1fica presencia de la palabra.<\/p>\n<p style=\"text-align: justify;\">La inmediatez y gratuidad que la Red ofrece, la difusi\u00f3n y la multiplicidad de posibilidades hacen que las dificultades anteriormente mencionadas planteen diversas cuestiones relativas al nuevo paradigma de la escritura y la lectura puesto que, en la actualidad, es probable que suplementos culturales y revistas literarias hayan dejado de ser el mejor canal para difundir ese periodismo libre y sin patrocinador que hable\u00a0 e informe sobre libros y autores.<\/p>\n<p style=\"text-align: justify;\">Ahora bien, conviene tener en cuenta que estos cambios de soporte determinados por la inmediatez de lo obsoleto ara\u00f1an la fijaci\u00f3n y la quietud, adheridas siempre a la lectura. Ante esta nueva experimentaci\u00f3n de la palabra donde documento y lenguaje se reprograman por igual, el di\u00e1logo del lector con el texto ha dejado de ser atemporal, aquella idea que Nabokov apoyaba: <em>\u201cUn buen lector es un\u00a0 relector\u201d<\/em>.<\/p>\n<p style=\"text-align: justify;\">Tampoco el cruce de creatividad entre escritor y p\u00fablico parece librarse de la \u2018<em>multimedialidad\u2019<\/em>, de la invasi\u00f3n de ese<em> <\/em>lector-digital caracterizado en muchos casos por la impaciencia y la inconstancia y ese <em>autor-intrusista<\/em> \u00a0quien en uni\u00f3n de blogs y a trav\u00e9s de una est\u00e9tica capaz de hacernos creer que se es un refutado letrado por sentirse dominador del juego virtual por medio del continuo espacio dedicado a opiniones personales; ofrecen la\u00a0\u00a0 sensaci\u00f3n de que los autores permanentemente est\u00e1n ah\u00ed detr\u00e1s de cada \u2018<em>metasitio\u2019<\/em>, visita o comentario dando una idea de comunicaci\u00f3n permanente. <em>\u00a0<\/em>\u00a0<em>\u00a0\u00a0\u00a0<\/em>\u00a0<\/p>\n<p style=\"text-align: justify;\">\u00a0Ante esta invasora perspectiva el futuro de la literatura tradicional y el futuro del periodismo cultural ir\u00e1n estrechamente unidos al porvenir de unas tangibles esperanzas de autores que desde la intr\u00ednseca potencialidad que ofrece Internet sean capaces de alterar las reglas; <strong><em>francotiradores<\/em><\/strong> <strong><em>de la<\/em><\/strong> <strong><em>palabra<\/em><\/strong>, poetas, novelistas, escritores y periodistas de raza capaces de distinguir en verbo la diferencia entre luz e imagen (anal\u00f3gica o digital) \u00a0y, desde la valent\u00eda de su independencia, soledad y talento refunden La Palabra en un lenguaje para nuevos lectores que anhelen encontrar (como en los libros) sobre un coraz\u00f3n de tinta, labios con pulpa de cereza.<\/p>\n<h6 style=\"text-align: justify;\">\u00a0\u00a0\u00a0\u00a0\u00a0\u00a0\u00a0\u00a0\u00a0\u00a0\u00a0\u00a0\u00a0\u00a0\u00a0\u00a0\u00a0\u00a0\u00a0\u00a0\u00a0\u00a0\u00a0\u00a0\u00a0\u00a0\u00a0\u00a0\u00a0\u00a0\u00a0\u00a0\u00a0\u00a0\u00a0\u00a0\u00a0\u00a0\u00a0\u00a0\u00a0\u00a0\u00a0\u00a0\u00a0\u00a0\u00a0\u00a0\u00a0\u00a0\u00a0\u00a0\u00a0\u00a0\u00a0\u00a0\u00a0\u00a0\u00a0\u00a0\u00a0\u00a0\u00a0\u00a0\u00a0\u00a0\u00a0\u00a0\u00a0\u00a0\u00a0\u00a0\u00a0\u00a0\u00a0\u00a0\u00a0\u00a0\u00a0\u00a0\u00a0\u00a0\u00a0\u00a0\u00a0\u00a0\u00a0\u00a0\u00a0\u00a0\u00a0\u00a0\u00a0\u00a0 <em>El s\u00e1bado d\u00eda 12, en la Biblioteca P\u00fablica Ant\u00f3n de la Bra\u00f1a, de Pravia, dentro de las XI Jornadas de Literatura y Periodismo de la AEA tienen una cita, \u201cFrancotiradores: Literatura y Periodismo cultural en webs y blogs\u201d.<\/em><\/h6>\n","protected":false},"excerpt":{"rendered":"<p>\u00a0 \u00a0 \u00bfEspacio para francotiradores? \u00a0\u00a0\u00a0\u00a0\u00a0\u00a0 \u00a0\u00a0\u00a0\u00a0\u00a0\u00a0\u00a0\u00a0\u00a0\u00a0\u00a0\u00a0\u00a0\u00a0\u00a0\u00a0 \u00a0Unir los t\u00e9rminos literatura y periodismo cultural siempre ha sido como intentar que dos l\u00edneas, cuyos destinos divergen a puntos opuestos, se estrechen. Y, sin\u00a0 embargo,\u00a0 gracias a la era digital este antagonismo, &hellip; <a href=\"https:\/\/www.nievesviesca.com\/blog\/2011\/11\/10\/literatura-y-periodismo-en-la-red\/\">Sigue leyendo <span class=\"meta-nav\">&rarr;<\/span><\/a><\/p>\n","protected":false},"author":2,"featured_media":0,"comment_status":"open","ping_status":"open","sticky":false,"template":"","format":"standard","meta":{"_bbp_topic_count":0,"_bbp_reply_count":0,"_bbp_total_topic_count":0,"_bbp_total_reply_count":0,"_bbp_voice_count":0,"_bbp_anonymous_reply_count":0,"_bbp_topic_count_hidden":0,"_bbp_reply_count_hidden":0,"_bbp_forum_subforum_count":0,"om_disable_all_campaigns":false,"_monsterinsights_skip_tracking":false,"_jetpack_newsletter_access":"","_jetpack_dont_email_post_to_subs":false,"_jetpack_newsletter_tier_id":0,"_jetpack_memberships_contains_paywalled_content":false,"_jetpack_feature_clip_id":0,"_jetpack_memberships_contains_paid_content":false,"footnotes":"","jetpack_publicize_message":"","jetpack_publicize_feature_enabled":true,"jetpack_social_post_already_shared":false,"jetpack_social_options":{"image_generator_settings":{"template":"highway","default_image_id":0,"font":"","enabled":false},"version":2},"jetpack_post_was_ever_published":false},"categories":[6],"tags":[],"class_list":["post-954","post","type-post","status-publish","format-standard","hentry","category-laprensa"],"aioseo_notices":[],"aioseo_head":"\n\t\t<!-- All in One SEO 4.9.10 - aioseo.com -->\n\t<meta name=\"robots\" content=\"max-image-preview:large\" \/>\n\t<meta name=\"author\" content=\"Nieves Viesca\"\/>\n\t<link rel=\"canonical\" href=\"https:\/\/www.nievesviesca.com\/blog\/2011\/11\/10\/literatura-y-periodismo-en-la-red\/\" \/>\n\t<meta name=\"generator\" content=\"All in One SEO (AIOSEO) 4.9.10\" \/>\n\t\t<meta property=\"og:locale\" content=\"es_ES\" \/>\n\t\t<meta property=\"og:site_name\" content=\"Nieves Viesca | Web Oficial de la Escritora y Poeta Asturiana\" \/>\n\t\t<meta property=\"og:type\" content=\"article\" \/>\n\t\t<meta property=\"og:title\" content=\"LITERATURA Y PERIODISMO CULTURAL EN LA RED | Nieves Viesca\" \/>\n\t\t<meta property=\"og:url\" content=\"https:\/\/www.nievesviesca.com\/blog\/2011\/11\/10\/literatura-y-periodismo-en-la-red\/\" \/>\n\t\t<meta property=\"article:published_time\" content=\"2011-11-10T20:17:50+00:00\" \/>\n\t\t<meta property=\"article:modified_time\" content=\"2011-11-10T20:48:42+00:00\" \/>\n\t\t<meta name=\"twitter:card\" content=\"summary_large_image\" \/>\n\t\t<meta name=\"twitter:title\" content=\"LITERATURA Y PERIODISMO CULTURAL EN LA RED | Nieves Viesca\" \/>\n\t\t<script type=\"application\/ld+json\" class=\"aioseo-schema\">\n\t\t\t{\"@context\":\"https:\\\/\\\/schema.org\",\"@graph\":[{\"@type\":\"Article\",\"@id\":\"https:\\\/\\\/www.nievesviesca.com\\\/blog\\\/2011\\\/11\\\/10\\\/literatura-y-periodismo-en-la-red\\\/#article\",\"name\":\"LITERATURA Y PERIODISMO CULTURAL EN LA RED | Nieves Viesca\",\"headline\":\"LITERATURA Y PERIODISMO CULTURAL EN LA RED\",\"author\":{\"@id\":\"https:\\\/\\\/www.nievesviesca.com\\\/blog\\\/author\\\/nieves-viesca\\\/#author\"},\"publisher\":{\"@id\":\"https:\\\/\\\/www.nievesviesca.com\\\/blog\\\/#organization\"},\"image\":{\"@type\":\"ImageObject\",\"url\":\"https:\\\/\\\/www.nievesviesca.com\\\/blog\\\/wp-content\\\/uploads\\\/2011\\\/11\\\/th_1197944050_francotiradores1.jpg\",\"@id\":\"https:\\\/\\\/www.nievesviesca.com\\\/blog\\\/2011\\\/11\\\/10\\\/literatura-y-periodismo-en-la-red\\\/#articleImage\",\"width\":120,\"height\":120},\"datePublished\":\"2011-11-10T21:17:50+01:00\",\"dateModified\":\"2011-11-10T21:48:42+01:00\",\"inLanguage\":\"es-ES\",\"mainEntityOfPage\":{\"@id\":\"https:\\\/\\\/www.nievesviesca.com\\\/blog\\\/2011\\\/11\\\/10\\\/literatura-y-periodismo-en-la-red\\\/#webpage\"},\"isPartOf\":{\"@id\":\"https:\\\/\\\/www.nievesviesca.com\\\/blog\\\/2011\\\/11\\\/10\\\/literatura-y-periodismo-en-la-red\\\/#webpage\"},\"articleSection\":\"La Prensa\"},{\"@type\":\"BreadcrumbList\",\"@id\":\"https:\\\/\\\/www.nievesviesca.com\\\/blog\\\/2011\\\/11\\\/10\\\/literatura-y-periodismo-en-la-red\\\/#breadcrumblist\",\"itemListElement\":[{\"@type\":\"ListItem\",\"@id\":\"https:\\\/\\\/www.nievesviesca.com\\\/blog#listItem\",\"position\":1,\"name\":\"Inicio\",\"item\":\"https:\\\/\\\/www.nievesviesca.com\\\/blog\",\"nextItem\":{\"@type\":\"ListItem\",\"@id\":\"https:\\\/\\\/www.nievesviesca.com\\\/blog\\\/category\\\/laprensa\\\/#listItem\",\"name\":\"La Prensa\"}},{\"@type\":\"ListItem\",\"@id\":\"https:\\\/\\\/www.nievesviesca.com\\\/blog\\\/category\\\/laprensa\\\/#listItem\",\"position\":2,\"name\":\"La Prensa\",\"item\":\"https:\\\/\\\/www.nievesviesca.com\\\/blog\\\/category\\\/laprensa\\\/\",\"nextItem\":{\"@type\":\"ListItem\",\"@id\":\"https:\\\/\\\/www.nievesviesca.com\\\/blog\\\/2011\\\/11\\\/10\\\/literatura-y-periodismo-en-la-red\\\/#listItem\",\"name\":\"LITERATURA Y PERIODISMO CULTURAL EN LA RED\"},\"previousItem\":{\"@type\":\"ListItem\",\"@id\":\"https:\\\/\\\/www.nievesviesca.com\\\/blog#listItem\",\"name\":\"Inicio\"}},{\"@type\":\"ListItem\",\"@id\":\"https:\\\/\\\/www.nievesviesca.com\\\/blog\\\/2011\\\/11\\\/10\\\/literatura-y-periodismo-en-la-red\\\/#listItem\",\"position\":3,\"name\":\"LITERATURA Y PERIODISMO CULTURAL EN LA RED\",\"previousItem\":{\"@type\":\"ListItem\",\"@id\":\"https:\\\/\\\/www.nievesviesca.com\\\/blog\\\/category\\\/laprensa\\\/#listItem\",\"name\":\"La Prensa\"}}]},{\"@type\":\"Organization\",\"@id\":\"https:\\\/\\\/www.nievesviesca.com\\\/blog\\\/#organization\",\"name\":\"Nieves Viesca\",\"description\":\"Web Oficial de la Escritora y Poeta Asturiana\",\"url\":\"https:\\\/\\\/www.nievesviesca.com\\\/blog\\\/\"},{\"@type\":\"Person\",\"@id\":\"https:\\\/\\\/www.nievesviesca.com\\\/blog\\\/author\\\/nieves-viesca\\\/#author\",\"url\":\"https:\\\/\\\/www.nievesviesca.com\\\/blog\\\/author\\\/nieves-viesca\\\/\",\"name\":\"Nieves Viesca\",\"image\":{\"@type\":\"ImageObject\",\"@id\":\"https:\\\/\\\/www.nievesviesca.com\\\/blog\\\/2011\\\/11\\\/10\\\/literatura-y-periodismo-en-la-red\\\/#authorImage\",\"url\":\"\\\/\\\/www.gravatar.com\\\/avatar\\\/9bf111ab2bb699dbf639def68b6ba401?s=96&#038;r=g&#038;d=mm\",\"width\":96,\"height\":96,\"caption\":\"Nieves Viesca\"}},{\"@type\":\"WebPage\",\"@id\":\"https:\\\/\\\/www.nievesviesca.com\\\/blog\\\/2011\\\/11\\\/10\\\/literatura-y-periodismo-en-la-red\\\/#webpage\",\"url\":\"https:\\\/\\\/www.nievesviesca.com\\\/blog\\\/2011\\\/11\\\/10\\\/literatura-y-periodismo-en-la-red\\\/\",\"name\":\"LITERATURA Y PERIODISMO CULTURAL EN LA RED | Nieves Viesca\",\"inLanguage\":\"es-ES\",\"isPartOf\":{\"@id\":\"https:\\\/\\\/www.nievesviesca.com\\\/blog\\\/#website\"},\"breadcrumb\":{\"@id\":\"https:\\\/\\\/www.nievesviesca.com\\\/blog\\\/2011\\\/11\\\/10\\\/literatura-y-periodismo-en-la-red\\\/#breadcrumblist\"},\"author\":{\"@id\":\"https:\\\/\\\/www.nievesviesca.com\\\/blog\\\/author\\\/nieves-viesca\\\/#author\"},\"creator\":{\"@id\":\"https:\\\/\\\/www.nievesviesca.com\\\/blog\\\/author\\\/nieves-viesca\\\/#author\"},\"datePublished\":\"2011-11-10T21:17:50+01:00\",\"dateModified\":\"2011-11-10T21:48:42+01:00\"},{\"@type\":\"WebSite\",\"@id\":\"https:\\\/\\\/www.nievesviesca.com\\\/blog\\\/#website\",\"url\":\"https:\\\/\\\/www.nievesviesca.com\\\/blog\\\/\",\"name\":\"Nieves Viesca\",\"description\":\"Web Oficial de la Escritora y Poeta Asturiana\",\"inLanguage\":\"es-ES\",\"publisher\":{\"@id\":\"https:\\\/\\\/www.nievesviesca.com\\\/blog\\\/#organization\"}}]}\n\t\t<\/script>\n\t\t<!-- All in One SEO -->\n\n","aioseo_head_json":{"title":"LITERATURA Y PERIODISMO CULTURAL EN LA RED | Nieves Viesca","description":"","canonical_url":"https:\/\/www.nievesviesca.com\/blog\/2011\/11\/10\/literatura-y-periodismo-en-la-red\/","robots":"max-image-preview:large","keywords":"","webmasterTools":{"miscellaneous":""},"schema":{"@context":"https:\/\/schema.org","@graph":[{"@type":"Article","@id":"https:\/\/www.nievesviesca.com\/blog\/2011\/11\/10\/literatura-y-periodismo-en-la-red\/#article","name":"LITERATURA Y PERIODISMO CULTURAL EN LA RED | Nieves Viesca","headline":"LITERATURA Y PERIODISMO CULTURAL EN LA RED","author":{"@id":"https:\/\/www.nievesviesca.com\/blog\/author\/nieves-viesca\/#author"},"publisher":{"@id":"https:\/\/www.nievesviesca.com\/blog\/#organization"},"image":{"@type":"ImageObject","url":"https:\/\/www.nievesviesca.com\/blog\/wp-content\/uploads\/2011\/11\/th_1197944050_francotiradores1.jpg","@id":"https:\/\/www.nievesviesca.com\/blog\/2011\/11\/10\/literatura-y-periodismo-en-la-red\/#articleImage","width":120,"height":120},"datePublished":"2011-11-10T21:17:50+01:00","dateModified":"2011-11-10T21:48:42+01:00","inLanguage":"es-ES","mainEntityOfPage":{"@id":"https:\/\/www.nievesviesca.com\/blog\/2011\/11\/10\/literatura-y-periodismo-en-la-red\/#webpage"},"isPartOf":{"@id":"https:\/\/www.nievesviesca.com\/blog\/2011\/11\/10\/literatura-y-periodismo-en-la-red\/#webpage"},"articleSection":"La Prensa"},{"@type":"BreadcrumbList","@id":"https:\/\/www.nievesviesca.com\/blog\/2011\/11\/10\/literatura-y-periodismo-en-la-red\/#breadcrumblist","itemListElement":[{"@type":"ListItem","@id":"https:\/\/www.nievesviesca.com\/blog#listItem","position":1,"name":"Inicio","item":"https:\/\/www.nievesviesca.com\/blog","nextItem":{"@type":"ListItem","@id":"https:\/\/www.nievesviesca.com\/blog\/category\/laprensa\/#listItem","name":"La Prensa"}},{"@type":"ListItem","@id":"https:\/\/www.nievesviesca.com\/blog\/category\/laprensa\/#listItem","position":2,"name":"La Prensa","item":"https:\/\/www.nievesviesca.com\/blog\/category\/laprensa\/","nextItem":{"@type":"ListItem","@id":"https:\/\/www.nievesviesca.com\/blog\/2011\/11\/10\/literatura-y-periodismo-en-la-red\/#listItem","name":"LITERATURA Y PERIODISMO CULTURAL EN LA RED"},"previousItem":{"@type":"ListItem","@id":"https:\/\/www.nievesviesca.com\/blog#listItem","name":"Inicio"}},{"@type":"ListItem","@id":"https:\/\/www.nievesviesca.com\/blog\/2011\/11\/10\/literatura-y-periodismo-en-la-red\/#listItem","position":3,"name":"LITERATURA Y PERIODISMO CULTURAL EN LA RED","previousItem":{"@type":"ListItem","@id":"https:\/\/www.nievesviesca.com\/blog\/category\/laprensa\/#listItem","name":"La Prensa"}}]},{"@type":"Organization","@id":"https:\/\/www.nievesviesca.com\/blog\/#organization","name":"Nieves Viesca","description":"Web Oficial de la Escritora y Poeta Asturiana","url":"https:\/\/www.nievesviesca.com\/blog\/"},{"@type":"Person","@id":"https:\/\/www.nievesviesca.com\/blog\/author\/nieves-viesca\/#author","url":"https:\/\/www.nievesviesca.com\/blog\/author\/nieves-viesca\/","name":"Nieves Viesca","image":{"@type":"ImageObject","@id":"https:\/\/www.nievesviesca.com\/blog\/2011\/11\/10\/literatura-y-periodismo-en-la-red\/#authorImage","url":"\/\/www.gravatar.com\/avatar\/9bf111ab2bb699dbf639def68b6ba401?s=96&#038;r=g&#038;d=mm","width":96,"height":96,"caption":"Nieves Viesca"}},{"@type":"WebPage","@id":"https:\/\/www.nievesviesca.com\/blog\/2011\/11\/10\/literatura-y-periodismo-en-la-red\/#webpage","url":"https:\/\/www.nievesviesca.com\/blog\/2011\/11\/10\/literatura-y-periodismo-en-la-red\/","name":"LITERATURA Y PERIODISMO CULTURAL EN LA RED | Nieves Viesca","inLanguage":"es-ES","isPartOf":{"@id":"https:\/\/www.nievesviesca.com\/blog\/#website"},"breadcrumb":{"@id":"https:\/\/www.nievesviesca.com\/blog\/2011\/11\/10\/literatura-y-periodismo-en-la-red\/#breadcrumblist"},"author":{"@id":"https:\/\/www.nievesviesca.com\/blog\/author\/nieves-viesca\/#author"},"creator":{"@id":"https:\/\/www.nievesviesca.com\/blog\/author\/nieves-viesca\/#author"},"datePublished":"2011-11-10T21:17:50+01:00","dateModified":"2011-11-10T21:48:42+01:00"},{"@type":"WebSite","@id":"https:\/\/www.nievesviesca.com\/blog\/#website","url":"https:\/\/www.nievesviesca.com\/blog\/","name":"Nieves Viesca","description":"Web Oficial de la Escritora y Poeta Asturiana","inLanguage":"es-ES","publisher":{"@id":"https:\/\/www.nievesviesca.com\/blog\/#organization"}}]},"og:locale":"es_ES","og:site_name":"Nieves Viesca | Web Oficial de la Escritora y Poeta Asturiana","og:type":"article","og:title":"LITERATURA Y PERIODISMO CULTURAL EN LA RED | Nieves Viesca","og:url":"https:\/\/www.nievesviesca.com\/blog\/2011\/11\/10\/literatura-y-periodismo-en-la-red\/","article:published_time":"2011-11-10T20:17:50+00:00","article:modified_time":"2011-11-10T20:48:42+00:00","twitter:card":"summary_large_image","twitter:title":"LITERATURA Y PERIODISMO CULTURAL EN LA RED | Nieves Viesca"},"aioseo_meta_data":{"post_id":"954","title":null,"description":null,"keywords":null,"keyphrases":null,"primary_term":null,"canonical_url":null,"og_title":null,"og_description":null,"og_object_type":"default","og_image_type":"default","og_image_url":null,"og_image_width":null,"og_image_height":null,"og_image_custom_url":null,"og_image_custom_fields":null,"og_video":null,"og_custom_url":null,"og_article_section":null,"og_article_tags":null,"twitter_use_og":false,"twitter_card":"default","twitter_image_type":"default","twitter_image_url":null,"twitter_image_custom_url":null,"twitter_image_custom_fields":null,"twitter_title":null,"twitter_description":null,"schema":{"blockGraphs":[],"customGraphs":[],"default":{"data":{"Article":[],"Course":[],"Dataset":[],"FAQPage":[],"Movie":[],"Person":[],"Product":[],"ProductReview":[],"Car":[],"Recipe":[],"Service":[],"SoftwareApplication":[],"WebPage":[]},"graphName":"","isEnabled":true},"graphs":[]},"schema_type":"default","schema_type_options":null,"pillar_content":false,"robots_default":true,"robots_noindex":false,"robots_noarchive":false,"robots_nosnippet":false,"robots_nofollow":false,"robots_noimageindex":false,"robots_noodp":false,"robots_notranslate":false,"robots_max_snippet":null,"robots_max_videopreview":null,"robots_max_imagepreview":"large","priority":null,"frequency":null,"local_seo":null,"limit_modified_date":false,"created":"2022-12-04 11:47:43","updated":"2026-06-04 18:14:46","ai":null,"breadcrumb_settings":null,"seo_analyzer_scan_date":null},"aioseo_breadcrumb":"<div class=\"aioseo-breadcrumbs\"><span class=\"aioseo-breadcrumb\">\n\t\t\t<a href=\"https:\/\/www.nievesviesca.com\/blog\" title=\"Inicio\">Inicio<\/a>\n\t\t<\/span><span class=\"aioseo-breadcrumb-separator\">&raquo;<\/span><span class=\"aioseo-breadcrumb\">\n\t\t\t<a href=\"https:\/\/www.nievesviesca.com\/blog\/category\/laprensa\/\" title=\"La Prensa\">La Prensa<\/a>\n\t\t<\/span><span class=\"aioseo-breadcrumb-separator\">&raquo;<\/span><span class=\"aioseo-breadcrumb\">\n\t\t\tLITERATURA Y PERIODISMO CULTURAL EN LA RED\n\t\t<\/span><\/div>","aioseo_breadcrumb_json":[{"label":"Inicio","link":"https:\/\/www.nievesviesca.com\/blog"},{"label":"La Prensa","link":"https:\/\/www.nievesviesca.com\/blog\/category\/laprensa\/"},{"label":"LITERATURA Y PERIODISMO CULTURAL EN LA RED","link":"https:\/\/www.nievesviesca.com\/blog\/2011\/11\/10\/literatura-y-periodismo-en-la-red\/"}],"jetpack_publicize_connections":[],"jetpack_featured_media_url":"","jetpack_sharing_enabled":true,"jetpack_shortlink":"https:\/\/wp.me\/p6xI8c-fo","brizy_media":[],"_links":{"self":[{"href":"https:\/\/www.nievesviesca.com\/blog\/wp-json\/wp\/v2\/posts\/954","targetHints":{"allow":["GET"]}}],"collection":[{"href":"https:\/\/www.nievesviesca.com\/blog\/wp-json\/wp\/v2\/posts"}],"about":[{"href":"https:\/\/www.nievesviesca.com\/blog\/wp-json\/wp\/v2\/types\/post"}],"author":[{"embeddable":true,"href":"https:\/\/www.nievesviesca.com\/blog\/wp-json\/wp\/v2\/users\/2"}],"replies":[{"embeddable":true,"href":"https:\/\/www.nievesviesca.com\/blog\/wp-json\/wp\/v2\/comments?post=954"}],"version-history":[{"count":0,"href":"https:\/\/www.nievesviesca.com\/blog\/wp-json\/wp\/v2\/posts\/954\/revisions"}],"wp:attachment":[{"href":"https:\/\/www.nievesviesca.com\/blog\/wp-json\/wp\/v2\/media?parent=954"}],"wp:term":[{"taxonomy":"category","embeddable":true,"href":"https:\/\/www.nievesviesca.com\/blog\/wp-json\/wp\/v2\/categories?post=954"},{"taxonomy":"post_tag","embeddable":true,"href":"https:\/\/www.nievesviesca.com\/blog\/wp-json\/wp\/v2\/tags?post=954"}],"curies":[{"name":"wp","href":"https:\/\/api.w.org\/{rel}","templated":true}]}}