{"id":9611,"date":"2019-11-25T20:59:24","date_gmt":"2019-11-25T19:59:24","guid":{"rendered":"http:\/\/www.nievesviesca.com\/blog\/?p=9611"},"modified":"2019-11-25T21:01:10","modified_gmt":"2019-11-25T20:01:10","slug":"ecos-de-poesia-clxii","status":"publish","type":"post","link":"https:\/\/www.nievesviesca.com\/blog\/2019\/11\/25\/ecos-de-poesia-clxii\/","title":{"rendered":"Ecos de Poesia (CLXII)"},"content":{"rendered":"<h2><\/h2>\n<h2 style=\"text-align: center;\"><strong><span style=\"color: #000000;\">CENTRO DE CREACI\u00d3N CARLOS \u00c1LVAREZ- N\u00d3VOA<\/span><\/strong><\/h2>\n<p>&nbsp;<\/p>\n<h2 style=\"text-align: center;\"><strong><span style=\"color: #000000;\">(LA FELGUERA)<\/span><\/strong><\/h2>\n<p>&nbsp;<\/p>\n<p><a href=\"https:\/\/i0.wp.com\/www.nievesviesca.com\/blog\/wp-content\/uploads\/2019\/11\/4.jpg?ssl=1\"><img decoding=\"async\" loading=\"lazy\" class=\"aligncenter wp-image-9612 \" src=\"https:\/\/i0.wp.com\/www.nievesviesca.com\/blog\/wp-content\/uploads\/2019\/11\/4.jpg?resize=584%2C484&#038;ssl=1\" alt=\"\" width=\"584\" height=\"484\" srcset=\"https:\/\/i0.wp.com\/www.nievesviesca.com\/blog\/wp-content\/uploads\/2019\/11\/4.jpg?w=800&amp;ssl=1 800w, https:\/\/i0.wp.com\/www.nievesviesca.com\/blog\/wp-content\/uploads\/2019\/11\/4.jpg?resize=300%2C249&amp;ssl=1 300w, https:\/\/i0.wp.com\/www.nievesviesca.com\/blog\/wp-content\/uploads\/2019\/11\/4.jpg?resize=768%2C636&amp;ssl=1 768w\" sizes=\"(max-width: 584px) 100vw, 584px\" data-recalc-dims=\"1\" \/><\/a><\/p>\n<p><strong>\u00a0<\/strong><\/p>\n<h1 style=\"text-align: center;\"><span style=\"color: #000000;\"><strong>El T\u00daNEL y los D\u00cdAS<\/strong><\/span><\/h1>\n<p>&nbsp;<\/p>\n<h1 style=\"text-align: center;\"><span style=\"color: #000000;\"><strong><em>\u201cLa l\u00edrica de la frontera\u201d<\/em><\/strong><\/span><\/h1>\n<p>&nbsp;<\/p>\n<p><span style=\"color: #000000;\">As\u00ed defini\u00f3 \u00c1ngel Cuesta (Licenciado en Neuropsicolog\u00eda y Poeta) la poes\u00eda de \u2018<em>El T\u00fanel y los D\u00edas\u2019 <\/em>de <strong>Nieves Viesca<\/strong>. Ante un atento p\u00fablico, destac\u00f3 el presentador el profundo simbolismo de un libro org\u00e1nico y necesario, alejado de la inmediatez, que nos habla de la b\u00fasqueda de intimidad e identidad a trav\u00e9s de una l\u00edrica introspecci\u00f3n. <strong>\u00a0<em>\u201cLa l\u00edrica de la frontera\u201d<\/em><\/strong> que defini\u00f3 Garc\u00eda Montero, la lucha que se establece en la literatura, en la poes\u00eda y en las artes entre lo \u00edntimo y lo colectivo -a\u00f1adi\u00f3 \u00c1ngel Cuesta-.<br \/>\n<\/span><\/p>\n<p><a href=\"https:\/\/i0.wp.com\/www.nievesviesca.com\/blog\/wp-content\/uploads\/2019\/11\/3.jpg?ssl=1\"><img decoding=\"async\" loading=\"lazy\" class=\"wp-image-9613 alignleft\" src=\"https:\/\/i0.wp.com\/www.nievesviesca.com\/blog\/wp-content\/uploads\/2019\/11\/3.jpg?resize=275%2C298&#038;ssl=1\" alt=\"\" width=\"275\" height=\"298\" srcset=\"https:\/\/i0.wp.com\/www.nievesviesca.com\/blog\/wp-content\/uploads\/2019\/11\/3.jpg?resize=277%2C300&amp;ssl=1 277w, https:\/\/i0.wp.com\/www.nievesviesca.com\/blog\/wp-content\/uploads\/2019\/11\/3.jpg?resize=768%2C832&amp;ssl=1 768w, https:\/\/i0.wp.com\/www.nievesviesca.com\/blog\/wp-content\/uploads\/2019\/11\/3.jpg?w=800&amp;ssl=1 800w\" sizes=\"(max-width: 275px) 100vw, 275px\" data-recalc-dims=\"1\" \/><\/a><a href=\"https:\/\/i0.wp.com\/www.nievesviesca.com\/blog\/wp-content\/uploads\/2019\/11\/2.jpg?ssl=1\"><img decoding=\"async\" loading=\"lazy\" class=\"size-medium wp-image-9614 alignright\" src=\"https:\/\/i0.wp.com\/www.nievesviesca.com\/blog\/wp-content\/uploads\/2019\/11\/2.jpg?resize=215%2C300&#038;ssl=1\" alt=\"\" width=\"215\" height=\"300\" srcset=\"https:\/\/i0.wp.com\/www.nievesviesca.com\/blog\/wp-content\/uploads\/2019\/11\/2.jpg?resize=215%2C300&amp;ssl=1 215w, https:\/\/i0.wp.com\/www.nievesviesca.com\/blog\/wp-content\/uploads\/2019\/11\/2.jpg?resize=768%2C1072&amp;ssl=1 768w, https:\/\/i0.wp.com\/www.nievesviesca.com\/blog\/wp-content\/uploads\/2019\/11\/2.jpg?resize=733%2C1024&amp;ssl=1 733w, https:\/\/i0.wp.com\/www.nievesviesca.com\/blog\/wp-content\/uploads\/2019\/11\/2.jpg?w=800&amp;ssl=1 800w\" sizes=\"(max-width: 215px) 100vw, 215px\" data-recalc-dims=\"1\" \/><\/a><\/p>\n<p>&nbsp;<\/p>\n<p>&nbsp;<\/p>\n<p>&nbsp;<\/p>\n<p>&nbsp;<\/p>\n<p>&nbsp;<\/p>\n<p>&nbsp;<\/p>\n<p>&nbsp;<\/p>\n<p>&nbsp;<\/p>\n<p>&nbsp;<\/p>\n<p>&nbsp;<\/p>\n<p><span style=\"color: #000000;\">Integrantes del Grupo Cultural Les Filanderes leyeron varios poemas de la autora, a\u00f1adiendo matices y sentimientos nuevos en cada verso. Como dir\u00eda a rengl\u00f3n seguido Viesca, a modo de aforismo: <strong><em>\u201cLa poes\u00eda es mitad de quien la escribe y mitad de quien la lee y la escucha\u201d.<\/em><\/strong><\/span><\/p>\n<p><span style=\"color: #000000;\">Con la m\u00fasica de Dani Garc\u00eda de la Cuesta, se puso el broche final a una estupenda e interesante velada po\u00e9tica en el Centro de Arte y Creaci\u00f3n Esc\u00e9nica Carlos \u00c1lvarez-N\u00f3voa, en Sama de Langreo.<\/span><\/p>\n<p>&nbsp;<\/p>\n<p><a href=\"https:\/\/i0.wp.com\/www.nievesviesca.com\/blog\/wp-content\/uploads\/2019\/11\/1.jpg?ssl=1\"><img decoding=\"async\" loading=\"lazy\" class=\"aligncenter wp-image-9615 \" src=\"https:\/\/i0.wp.com\/www.nievesviesca.com\/blog\/wp-content\/uploads\/2019\/11\/1.jpg?resize=584%2C457&#038;ssl=1\" alt=\"\" width=\"584\" height=\"457\" srcset=\"https:\/\/i0.wp.com\/www.nievesviesca.com\/blog\/wp-content\/uploads\/2019\/11\/1.jpg?w=800&amp;ssl=1 800w, https:\/\/i0.wp.com\/www.nievesviesca.com\/blog\/wp-content\/uploads\/2019\/11\/1.jpg?resize=300%2C235&amp;ssl=1 300w, https:\/\/i0.wp.com\/www.nievesviesca.com\/blog\/wp-content\/uploads\/2019\/11\/1.jpg?resize=768%2C601&amp;ssl=1 768w\" sizes=\"(max-width: 584px) 100vw, 584px\" data-recalc-dims=\"1\" \/><\/a><\/p>\n<p>&nbsp;<\/p>\n<p>&nbsp;<\/p>\n<p>&nbsp;<\/p>\n","protected":false},"excerpt":{"rendered":"<p>CENTRO DE CREACI\u00d3N CARLOS \u00c1LVAREZ- N\u00d3VOA &nbsp; (LA FELGUERA) &nbsp; \u00a0 El T\u00daNEL y los D\u00cdAS &nbsp; \u201cLa l\u00edrica de la frontera\u201d &nbsp; As\u00ed defini\u00f3 \u00c1ngel Cuesta (Licenciado en Neuropsicolog\u00eda y Poeta) la poes\u00eda de \u2018El T\u00fanel y los D\u00edas\u2019 &hellip; <a href=\"https:\/\/www.nievesviesca.com\/blog\/2019\/11\/25\/ecos-de-poesia-clxii\/\">Sigue leyendo <span class=\"meta-nav\">&rarr;<\/span><\/a><\/p>\n","protected":false},"author":1,"featured_media":0,"comment_status":"open","ping_status":"open","sticky":false,"template":"","format":"standard","meta":{"_bbp_topic_count":0,"_bbp_reply_count":0,"_bbp_total_topic_count":0,"_bbp_total_reply_count":0,"_bbp_voice_count":0,"_bbp_anonymous_reply_count":0,"_bbp_topic_count_hidden":0,"_bbp_reply_count_hidden":0,"_bbp_forum_subforum_count":0,"om_disable_all_campaigns":false,"_monsterinsights_skip_tracking":false,"_monsterinsights_sitenote_active":false,"_monsterinsights_sitenote_note":"","_monsterinsights_sitenote_category":0,"jetpack_post_was_ever_published":false,"_jetpack_newsletter_access":"","_jetpack_newsletter_tier_id":0,"footnotes":"","jetpack_publicize_message":"","jetpack_is_tweetstorm":false,"jetpack_publicize_feature_enabled":true,"jetpack_social_post_already_shared":true,"jetpack_social_options":{"image_generator_settings":{"template":"highway","enabled":false}}},"categories":[4],"tags":[],"jetpack_publicize_connections":[],"aioseo_notices":[],"jetpack_featured_media_url":"","jetpack_sharing_enabled":true,"jetpack_shortlink":"https:\/\/wp.me\/p6xI8c-2v1","_links":{"self":[{"href":"https:\/\/www.nievesviesca.com\/blog\/wp-json\/wp\/v2\/posts\/9611"}],"collection":[{"href":"https:\/\/www.nievesviesca.com\/blog\/wp-json\/wp\/v2\/posts"}],"about":[{"href":"https:\/\/www.nievesviesca.com\/blog\/wp-json\/wp\/v2\/types\/post"}],"author":[{"embeddable":true,"href":"https:\/\/www.nievesviesca.com\/blog\/wp-json\/wp\/v2\/users\/1"}],"replies":[{"embeddable":true,"href":"https:\/\/www.nievesviesca.com\/blog\/wp-json\/wp\/v2\/comments?post=9611"}],"version-history":[{"count":15,"href":"https:\/\/www.nievesviesca.com\/blog\/wp-json\/wp\/v2\/posts\/9611\/revisions"}],"predecessor-version":[{"id":9634,"href":"https:\/\/www.nievesviesca.com\/blog\/wp-json\/wp\/v2\/posts\/9611\/revisions\/9634"}],"wp:attachment":[{"href":"https:\/\/www.nievesviesca.com\/blog\/wp-json\/wp\/v2\/media?parent=9611"}],"wp:term":[{"taxonomy":"category","embeddable":true,"href":"https:\/\/www.nievesviesca.com\/blog\/wp-json\/wp\/v2\/categories?post=9611"},{"taxonomy":"post_tag","embeddable":true,"href":"https:\/\/www.nievesviesca.com\/blog\/wp-json\/wp\/v2\/tags?post=9611"}],"curies":[{"name":"wp","href":"https:\/\/api.w.org\/{rel}","templated":true}]}}