{"id":9791,"date":"2020-04-22T11:04:48","date_gmt":"2020-04-22T09:04:48","guid":{"rendered":"http:\/\/www.nievesviesca.com\/blog\/?p=9791"},"modified":"2020-04-22T11:04:48","modified_gmt":"2020-04-22T09:04:48","slug":"aquella-entrevista-con-carlos-sanz-y-ix","status":"publish","type":"post","link":"https:\/\/www.nievesviesca.com\/blog\/2020\/04\/22\/aquella-entrevista-con-carlos-sanz-y-ix\/","title":{"rendered":"AQUELLA entrevista con Carlos Sanz (y&#8230; IX)"},"content":{"rendered":"<h3><span style=\"color: #000000;\">Por Nieves Viesca <span style=\"color: #808080;\">(2014)<\/span><br \/>\n<\/span><\/h3>\n<p>&nbsp;<\/p>\n<p style=\"text-align: center;\"><a href=\"https:\/\/i0.wp.com\/www.nievesviesca.com\/blog\/wp-content\/uploads\/2020\/04\/carlos-sanz.jpg?ssl=1\"><img decoding=\"async\" loading=\"lazy\" class=\"aligncenter wp-image-9792\" src=\"https:\/\/i0.wp.com\/www.nievesviesca.com\/blog\/wp-content\/uploads\/2020\/04\/carlos-sanz.jpg?resize=435%2C546&#038;ssl=1\" alt=\"\" width=\"435\" height=\"546\" srcset=\"https:\/\/i0.wp.com\/www.nievesviesca.com\/blog\/wp-content\/uploads\/2020\/04\/carlos-sanz.jpg?resize=239%2C300&amp;ssl=1 239w, https:\/\/i0.wp.com\/www.nievesviesca.com\/blog\/wp-content\/uploads\/2020\/04\/carlos-sanz.jpg?w=640&amp;ssl=1 640w\" sizes=\"(max-width: 435px) 100vw, 435px\" data-recalc-dims=\"1\" \/><\/a><\/p>\n<h3 style=\"text-align: center;\"><span style=\"color: #0000ff;\"><a style=\"color: #0000ff;\" href=\"http:\/\/carlossanzamigolobo.com\/\">Carlos Sanz <\/a>(<a style=\"color: #0000ff;\" href=\"http:\/\/carlossanzamigolobo.com\/\">m\u00e1s&#8230;)<\/a><\/span><\/h3>\n<h3 style=\"text-align: center;\"><\/h3>\n<p>&nbsp;<\/p>\n<p><span style=\"color: #000000;\"><strong>Def\u00ednase, por favor<\/strong><\/span><\/p>\n<p><span style=\"color: #000000;\"><em>Me considero una persona bastante normal, con sus virtudes y defectos, como todo el mundo.<\/em><\/span><\/p>\n<p><span style=\"color: #000000;\"><em>Soy poco ambicioso, aunque cuando me propongo una cosa intento conseguirla por todos los medios posibles. Y para ello suelo ser tenaz y constante, incluso un tanto \u00abcabezota\u00bb&#8230;<\/em><\/span><\/p>\n<p><span style=\"color: #000000;\"><em>Estoy acostumbrado a trabajar en equipo, aunque soy m\u00e1s bien un \u00ablobo solitario\u00bb, bastante individualista e independiente, y en general prefiero hacer las cosas y trabajar \u00aba mi bola\u00bb&#8230;<\/em><\/span><\/p>\n<p><span style=\"color: #000000;\"><em>Busco eso tan ambiguo que llaman FELICIDAD, y personalmente intento disfrutar cada d\u00eda de las peque\u00f1as cosas que nos ofrece la vida, y que muchas veces somos incapaces de apreciar.<\/em><\/span><\/p>\n<p><span style=\"color: #000000;\"><em>Profesionalmente he dedicado la mayor parte de mi vida a divulgar los valores de nuestra privilegiada Naturaleza Ib\u00e9rica, y especialmente a desmitificar la negativa imagen que se tiene del lobo como animal sanguinario y diab\u00f3lico, y que &#8211; todav\u00eda hoy &#8211; perdura entre buena parte de la poblaci\u00f3n, especialmente en el mundo rural. Y mi objetivo principal es demostrar que se puede ser \u00abamigo\u00bb de los lobos, y que su presencia en el medio natural es perfectamente compatible con las actividades humanas tradicionales, incluyendo a la ganader\u00eda.<\/em><\/span><\/p>\n<p><span style=\"color: #000000;\"><strong>\u00bfQu\u00e9 le inspira?<\/strong><\/span><\/p>\n<p><span style=\"color: #000000;\"><em>Seg\u00fan para qu\u00e9&#8230; Para trabajar me inspira la diversidad y la grandiosidad de la Naturaleza salvaje, y en especial la fuerza, la nobleza y el esp\u00edritu de grupo de los lobos. Y para descansar y relajarme \u201cme pone\u201d una buena m\u00fasica, una incendiaria puesta de sol y la sensualidad de una bella mujer&#8230;\u00a0<\/em><\/span><\/p>\n<p><span style=\"color: #000000;\"><strong>Sus pasos, \u00bfsiguen la obra de alg\u00fan maestro?<\/strong><\/span><\/p>\n<p><span style=\"color: #000000;\"><em>Sin duda, del Dr. Rodr\u00edguez de la Fuente<\/em><\/span><\/p>\n<p><span style=\"color: #000000;\"><strong>Prefiere huir o afrontar\u00a0\u00a0\u00a0\u00a0<\/strong><\/span><\/p>\n<p><span style=\"color: #000000;\"><em>\u00a0Afrontar<\/em><\/span><\/p>\n<p><span style=\"color: #000000;\"><strong>El humor, \u00bfdesenfadado o c\u00e1ustico?<\/strong><\/span><\/p>\n<p><span style=\"color: #000000;\"><em>\u00a0C\u00e1ustico<\/em><\/span><\/p>\n<p><span style=\"color: #000000;\"><strong>Los sentimientos, \u00bfmejor a flor de piel?<\/strong><\/span><\/p>\n<p><span style=\"color: #000000;\"><em>Aunque en ocasiones soy bastante impulsivo y reacciono dej\u00e1ndome llevar por los sentimientos y emociones del momento, generalmente soy m\u00e1s bien reflexivo y prefiero\u00a0 tener la \u00abmente fr\u00eda\u00bb antes de actuar, tanto a nivel personal como profesional.<\/em><\/span><\/p>\n<p><span style=\"color: #000000;\"><strong>\u00bfQu\u00e9 tres palabras en desuso rescatar\u00eda?<\/strong><\/span><\/p>\n<p><span style=\"color: #000000;\"><em>Ninguna. Si est\u00e1n en desuso es porque ya no tienen especial inter\u00e9s como veh\u00edculo de comunicaci\u00f3n entre las personas. Y probablemente habr\u00e1n sido sustituidas por otras de similar significado y de mayor aceptaci\u00f3n popular&#8230;<\/em><\/span><\/p>\n<p><span style=\"color: #000000;\"><strong>\u00bfTriunfador o superviviente?<\/strong><\/span><\/p>\n<p><span style=\"color: #000000;\"><em>Superviviente<\/em><\/span><\/p>\n<p><span style=\"color: #000000;\"><strong>Del futuro, \u00bfLa b\u00fasqueda o el encuentro?<\/strong><\/span><\/p>\n<p><span style=\"color: #000000;\"><em>Nadie puede saber con certeza cu\u00e1l ser\u00e1 su futuro, ni cu\u00e1ndo le llegar\u00e1 su final. Pero a lo largo de nuestra vida tenemos que ir plante\u00e1ndonos retos que superar y metas que alcanzar. Personalmente intento buscar aquello que me interesa, y frecuentemente acabo encontr\u00e1ndolo. Aunque muchas veces acabamos encontrando aquello que no buscamos, para bien o para mal&#8230;<\/em><\/span><\/p>\n<p><span style=\"color: #000000;\"><strong>Un buen insulto<\/strong><\/span><\/p>\n<p><span style=\"color: #000000;\"><em>No creo que haya insultos \u00abbuenos\u00bb. Aunque pueden ser m\u00e1s o menos ingeniosos, e incluso ir\u00f3nicos o \u00abbondadosos\u00bb para\u00a0 evitar\u00a0 herir expl\u00edcitamente al \u00abcontrincante\u00bb&#8230;<\/em><\/span><\/p>\n<p><span style=\"color: #000000;\"><strong>Un mal piropo<\/strong><\/span><\/p>\n<p><span style=\"color: #000000;\"><em>Hola Caperucita&#8230;\u00bfNo te gustar\u00eda ser la mam\u00e1 de unos cuantos \u00abni\u00f1os-lobo\u00bb? (Lo siento, pero es lo que tiene ser un poco \u00abhombre-lobo-feroz\u00bb&#8230;jejeje)<\/em><\/span><\/p>\n<p><span style=\"color: #000000;\"><strong>Un gran sue\u00f1o<\/strong><\/span><\/p>\n<p><span style=\"color: #000000;\"><em>Que el ser humano sea capaz de evitar su autodestrucci\u00f3n como especie, y \u00abde paso\u00bb permita que el resto de las especies animales y vegetales del Planeta contin\u00faen sobreviviendo en nuestra Madre Tierra, por los siglos de los siglos&#8230;\u00a1am\u00e9n!<\/em><\/span><\/p>\n<p><span style=\"color: #000000;\"><strong>\u00daltimo proyecto<\/strong><\/span><\/p>\n<p><span style=\"color: #000000;\"><em>El \u00faltimo proyecto en el que he colaborado ha sido el dise\u00f1o y la ejecuci\u00f3n de los contenidos de \u00abLa Casa del Lobo\u00bb, en Belmonte de Miranda (Asturias), que est\u00e1 totalmente equipada y pendiente de su futura apertura al p\u00fablico.<\/em><\/span><\/p>\n<p><span style=\"color: #000000;\"><em>Y desde hace varios a\u00f1os estoy colaborando asimismo en el Centro Tem\u00e1tico del Lobo Ib\u00e9rico de Robledo de Sanabria (Zamora), tambi\u00e9n de pr\u00f3xima inauguraci\u00f3n, siendo el responsable de los lobos que ser\u00e1n trasladados pr\u00f3ximamente a sus instalaciones.<\/em><\/span><\/p>\n<p>&nbsp;<\/p>\n<p><span style=\"color: #000000;\"><strong>Trayectoria<\/strong><\/span><\/p>\n<p><span style=\"color: #000000;\">Soy Bi\u00f3logo por vocaci\u00f3n, y tuve el gran privilegio de colaborar durante m\u00e1s de un lustro con el mejor Maestro que ha existido en nuestro pa\u00eds sobre temas de Naturaleza: El \u00abAmigo F\u00e9lix\u00bb.<\/span><\/p>\n<p><span style=\"color: #000000;\">De su mano aprend\u00ed a conocer, amar y respetar a todos los seres vivos del Planeta, y especialmente a los lobos ib\u00e9ricos, de cuyo mantenimiento y manejo fui el responsable durante los rodajes de la m\u00edtica serie de TVE \u00abEl Hombre y la Tierra\u00bb.<\/span><\/p>\n<p><span style=\"color: #000000;\">Tambi\u00e9n he participado como naturalista de campo y fot\u00f3grafo en otras series televisivas y documentales como \u00abLa Espa\u00f1a Salvaje\u00bb, \u00abNaturaleza Ib\u00e9rica\u00bb, \u00abDe Polo a Polo\u00bb, \u00abLa Marisma y el Llano\u00bb, \u00abLas Monta\u00f1as del Lobo\u00bb,&#8230; Y asimismo he dirigido \u00abPacto con Lobos\u00bb y \u00abCoexistencia del Lobo y el Mundo Rural\u00bb.<\/span><\/p>\n<p><span style=\"color: #000000;\">Soy co-autor del libro \u00abAmigo Lobo\u00bb y autor de las exposiciones itinerantes \u00abLeyenda y realidad del Lobo Ib\u00e9rico\u00bb y \u00abProyecto Wolf: Wild Life &amp; Farmers\u00bb.\u00a0<\/span><\/p>\n<p>&nbsp;<\/p>\n<p>&nbsp;<\/p>\n<p>&nbsp;<\/p>\n<p>&nbsp;<\/p>\n","protected":false},"excerpt":{"rendered":"<p>Por Nieves Viesca (2014) &nbsp; Carlos Sanz (m\u00e1s&#8230;) &nbsp; Def\u00ednase, por favor Me considero una persona bastante normal, con sus virtudes y defectos, como todo el mundo. Soy poco ambicioso, aunque cuando me propongo una cosa intento conseguirla por todos &hellip; <a href=\"https:\/\/www.nievesviesca.com\/blog\/2020\/04\/22\/aquella-entrevista-con-carlos-sanz-y-ix\/\">Sigue leyendo <span class=\"meta-nav\">&rarr;<\/span><\/a><\/p>\n","protected":false},"author":1,"featured_media":0,"comment_status":"open","ping_status":"open","sticky":false,"template":"","format":"standard","meta":{"_bbp_topic_count":0,"_bbp_reply_count":0,"_bbp_total_topic_count":0,"_bbp_total_reply_count":0,"_bbp_voice_count":0,"_bbp_anonymous_reply_count":0,"_bbp_topic_count_hidden":0,"_bbp_reply_count_hidden":0,"_bbp_forum_subforum_count":0,"om_disable_all_campaigns":false,"_monsterinsights_skip_tracking":false,"_monsterinsights_sitenote_active":false,"_monsterinsights_sitenote_note":"","_monsterinsights_sitenote_category":0,"jetpack_post_was_ever_published":false,"_jetpack_newsletter_access":"","_jetpack_newsletter_tier_id":0,"footnotes":"","jetpack_publicize_message":"","jetpack_is_tweetstorm":false,"jetpack_publicize_feature_enabled":true,"jetpack_social_post_already_shared":true,"jetpack_social_options":{"image_generator_settings":{"template":"highway","enabled":false}}},"categories":[121],"tags":[],"jetpack_publicize_connections":[],"aioseo_notices":[],"jetpack_featured_media_url":"","jetpack_sharing_enabled":true,"jetpack_shortlink":"https:\/\/wp.me\/p6xI8c-2xV","_links":{"self":[{"href":"https:\/\/www.nievesviesca.com\/blog\/wp-json\/wp\/v2\/posts\/9791"}],"collection":[{"href":"https:\/\/www.nievesviesca.com\/blog\/wp-json\/wp\/v2\/posts"}],"about":[{"href":"https:\/\/www.nievesviesca.com\/blog\/wp-json\/wp\/v2\/types\/post"}],"author":[{"embeddable":true,"href":"https:\/\/www.nievesviesca.com\/blog\/wp-json\/wp\/v2\/users\/1"}],"replies":[{"embeddable":true,"href":"https:\/\/www.nievesviesca.com\/blog\/wp-json\/wp\/v2\/comments?post=9791"}],"version-history":[{"count":7,"href":"https:\/\/www.nievesviesca.com\/blog\/wp-json\/wp\/v2\/posts\/9791\/revisions"}],"predecessor-version":[{"id":9880,"href":"https:\/\/www.nievesviesca.com\/blog\/wp-json\/wp\/v2\/posts\/9791\/revisions\/9880"}],"wp:attachment":[{"href":"https:\/\/www.nievesviesca.com\/blog\/wp-json\/wp\/v2\/media?parent=9791"}],"wp:term":[{"taxonomy":"category","embeddable":true,"href":"https:\/\/www.nievesviesca.com\/blog\/wp-json\/wp\/v2\/categories?post=9791"},{"taxonomy":"post_tag","embeddable":true,"href":"https:\/\/www.nievesviesca.com\/blog\/wp-json\/wp\/v2\/tags?post=9791"}],"curies":[{"name":"wp","href":"https:\/\/api.w.org\/{rel}","templated":true}]}}