{"id":9848,"date":"2020-04-20T20:12:06","date_gmt":"2020-04-20T18:12:06","guid":{"rendered":"http:\/\/www.nievesviesca.com\/blog\/?p=9848"},"modified":"2024-07-05T18:22:39","modified_gmt":"2024-07-05T16:22:39","slug":"aquella-entrevista-con-xuan-xose-sanchez-vicente-vii","status":"publish","type":"post","link":"https:\/\/www.nievesviesca.com\/blog\/2020\/04\/20\/aquella-entrevista-con-xuan-xose-sanchez-vicente-vii\/","title":{"rendered":"AQUELLA entrevista con&#8230; Xuan Xos\u00e9 S\u00e1nchez Vicente (VII)"},"content":{"rendered":"<p>&nbsp;<\/p>\n<h4><strong><span style=\"color: #000000;\">Por Nieves Viesca<\/span> <span style=\"color: #808080;\">(2014)<\/span><br \/>\n<\/strong><\/h4>\n<p>&nbsp;<\/p>\n<p>&nbsp;<\/p>\n<p><a href=\"https:\/\/i0.wp.com\/www.nievesviesca.com\/blog\/wp-content\/uploads\/2020\/04\/xuan.jpg?ssl=1\"><img decoding=\"async\" loading=\"lazy\" class=\"aligncenter wp-image-9872\" src=\"https:\/\/i0.wp.com\/www.nievesviesca.com\/blog\/wp-content\/uploads\/2020\/04\/xuan.jpg?resize=458%2C287&#038;ssl=1\" alt=\"\" width=\"458\" height=\"287\" data-recalc-dims=\"1\" \/><\/a><\/p>\n<p>&nbsp;<\/p>\n<h3 style=\"text-align: center;\"><a href=\"http:\/\/www.xuanxose.net\/\"><span style=\"color: #0000ff;\">Xuan Xos\u00e9 S\u00e1nchez Vicente ( m\u00e1s&#8230;)<\/span><\/a><\/h3>\n<p>&nbsp;<\/p>\n<p>&nbsp;<\/p>\n<p><strong><span style=\"color: #000000;\">Def\u00ednase, por favor.<\/span><\/strong><\/p>\n<p><em><span style=\"color: #000000;\">Asturianista, trabajador, curioso, investigador, inquisidor de t\u00f3picos.<\/span><\/em><\/p>\n<p><strong><span style=\"color: #000000;\">\u00bfQu\u00e9 le inspira?<\/span><\/strong><\/p>\n<p><em><span style=\"color: #000000;\">La vida cotidiana y la realidad, m\u00e1s que el pasado o la historia.<\/span><\/em><\/p>\n<p><strong><span style=\"color: #000000;\">Su obra, \u00bfSigue los pasos de alg\u00fan gran maestro?<\/span><\/strong><\/p>\n<p><em><span style=\"color: #000000;\">Que yo sepa, no.<\/span><\/em><\/p>\n<p><strong><span style=\"color: #000000;\">\u00bfPrefiere huir o afrontar?<\/span><\/strong><\/p>\n<p><em><span style=\"color: #000000;\">Depende. La primera reacci\u00f3n suele ser siempre el \u201ctransit a me calix iste\u201d, pero despu\u00e9s ya sabe uno que no queda m\u00e1s remedio que afrontar.<\/span><\/em><\/p>\n<p><strong><span style=\"color: #000000;\">El humor, \u00bfdesenfadado o c\u00e1ustico?<\/span><\/strong><\/p>\n<p><em><span style=\"color: #000000;\">M\u00e1s bien lo primero.<\/span><\/em><\/p>\n<p><strong><span style=\"color: #000000;\">Los sentimientos, \u00bfmejor a flor de piel?<\/span><\/strong><\/p>\n<p><em><span style=\"color: #000000;\">Ret\u00e9nganse y mant\u00e9nganse en observaci\u00f3n, como riesgos peligrosos.<\/span><\/em><\/p>\n<p><strong><span style=\"color: #000000;\">\u00bfQu\u00e9 tres palabras en desuso rescatar\u00eda?<\/span><\/strong><\/p>\n<p><em><span style=\"color: #000000;\">Las rescato todos los d\u00edas.<\/span><\/em><\/p>\n<p><strong><span style=\"color: #000000;\">\u00bfTriunfador o Superviviente?<\/span><\/strong><\/p>\n<p><em><span style=\"color: #000000;\">M\u00e1s bien, superviviente.<\/span><\/em><\/p>\n<p><strong><span style=\"color: #000000;\">Del futuro, \u00bfla b\u00fasqueda o el encuentro?<\/span><\/strong><\/p>\n<p><em><span style=\"color: #000000;\">Ambos.<\/span><\/em><\/p>\n<p><strong><span style=\"color: #000000;\">Un buen insulto.<\/span><\/strong><\/p>\n<p><em><span style=\"color: #000000;\">Comegaspies, calca\u00f1\u00e1n.<\/span><\/em><\/p>\n<p><strong><span style=\"color: #000000;\">Un mal piropo.<\/span><\/strong><\/p>\n<p><em><span style=\"color: #000000;\">\u00bfLos hay? Yo no los uso.<\/span><\/em><\/p>\n<p><strong><span style=\"color: #000000;\">Un gran sue\u00f1o.<\/span><\/strong><\/p>\n<p><em><span style=\"color: #000000;\">En lo colectivo, convertir Asturies en algo mucho mejor para los asturianos y m\u00e1s apreciado por ellos.<\/span><\/em><\/p>\n<p><strong><span style=\"color: #000000;\">\u00daltimo Proyecto.<\/span><\/strong><\/p>\n<p><em><span style=\"color: #000000;\">Tres este a\u00f1o: una novela en castellano y asturiano, Bajo el viaducto \/ Al pie del viaductu; un poemario, De les hores y les memories; una selecci\u00f3n de mis art\u00edculos en el diario La Nueva Espa\u00f1a, Picu\u2019l Sol.<\/span><\/em><\/p>\n<p>&nbsp;<\/p>\n<p><strong><span style=\"color: #000000;\">Trayectoria.<\/span><\/strong><\/p>\n<p><span style=\"color: #000000;\">Catedr\u00e1tico de Instituto, Presidente del Part\u00edu Asturianista (PAS), Escritor en asturiano y castellano, Diputado en su d\u00eda en la Xunta Xeneral del Princip\u00e1u.<\/span><\/p>\n<p>&nbsp;<\/p>\n","protected":false},"excerpt":{"rendered":"<p>&nbsp; Por Nieves Viesca (2014) &nbsp; &nbsp; &nbsp; Xuan Xos\u00e9 S\u00e1nchez Vicente ( m\u00e1s&#8230;) &nbsp; &nbsp; Def\u00ednase, por favor. Asturianista, trabajador, curioso, investigador, inquisidor de t\u00f3picos. \u00bfQu\u00e9 le inspira? La vida cotidiana y la realidad, m\u00e1s que el pasado o &hellip; <a href=\"https:\/\/www.nievesviesca.com\/blog\/2020\/04\/20\/aquella-entrevista-con-xuan-xose-sanchez-vicente-vii\/\">Sigue leyendo <span class=\"meta-nav\">&rarr;<\/span><\/a><\/p>\n","protected":false},"author":1,"featured_media":9872,"comment_status":"open","ping_status":"open","sticky":false,"template":"","format":"standard","meta":{"_bbp_topic_count":0,"_bbp_reply_count":0,"_bbp_total_topic_count":0,"_bbp_total_reply_count":0,"_bbp_voice_count":0,"_bbp_anonymous_reply_count":0,"_bbp_topic_count_hidden":0,"_bbp_reply_count_hidden":0,"_bbp_forum_subforum_count":0,"om_disable_all_campaigns":false,"_monsterinsights_skip_tracking":false,"_monsterinsights_sitenote_active":false,"_monsterinsights_sitenote_note":"","_monsterinsights_sitenote_category":0,"jetpack_post_was_ever_published":false,"_jetpack_newsletter_access":"","_jetpack_newsletter_tier_id":0,"footnotes":"","jetpack_publicize_message":"","jetpack_is_tweetstorm":false,"jetpack_publicize_feature_enabled":true,"jetpack_social_post_already_shared":true,"jetpack_social_options":{"image_generator_settings":{"template":"highway","enabled":false}}},"categories":[121],"tags":[],"jetpack_publicize_connections":[],"aioseo_notices":[],"jetpack_featured_media_url":"https:\/\/www.nievesviesca.com\/blog\/wp-content\/uploads\/2020\/04\/xuan.jpg","jetpack_sharing_enabled":true,"jetpack_shortlink":"https:\/\/wp.me\/p6xI8c-2yQ","_links":{"self":[{"href":"https:\/\/www.nievesviesca.com\/blog\/wp-json\/wp\/v2\/posts\/9848"}],"collection":[{"href":"https:\/\/www.nievesviesca.com\/blog\/wp-json\/wp\/v2\/posts"}],"about":[{"href":"https:\/\/www.nievesviesca.com\/blog\/wp-json\/wp\/v2\/types\/post"}],"author":[{"embeddable":true,"href":"https:\/\/www.nievesviesca.com\/blog\/wp-json\/wp\/v2\/users\/1"}],"replies":[{"embeddable":true,"href":"https:\/\/www.nievesviesca.com\/blog\/wp-json\/wp\/v2\/comments?post=9848"}],"version-history":[{"count":7,"href":"https:\/\/www.nievesviesca.com\/blog\/wp-json\/wp\/v2\/posts\/9848\/revisions"}],"predecessor-version":[{"id":9874,"href":"https:\/\/www.nievesviesca.com\/blog\/wp-json\/wp\/v2\/posts\/9848\/revisions\/9874"}],"wp:featuredmedia":[{"embeddable":true,"href":"https:\/\/www.nievesviesca.com\/blog\/wp-json\/wp\/v2\/media\/9872"}],"wp:attachment":[{"href":"https:\/\/www.nievesviesca.com\/blog\/wp-json\/wp\/v2\/media?parent=9848"}],"wp:term":[{"taxonomy":"category","embeddable":true,"href":"https:\/\/www.nievesviesca.com\/blog\/wp-json\/wp\/v2\/categories?post=9848"},{"taxonomy":"post_tag","embeddable":true,"href":"https:\/\/www.nievesviesca.com\/blog\/wp-json\/wp\/v2\/tags?post=9848"}],"curies":[{"name":"wp","href":"https:\/\/api.w.org\/{rel}","templated":true}]}}